{"id":12670,"date":"2025-02-28T00:48:06","date_gmt":"2025-02-28T00:48:06","guid":{"rendered":"https:\/\/haberbesiktas.tr\/?p=12670"},"modified":"2025-02-28T00:48:06","modified_gmt":"2025-02-28T00:48:06","slug":"gonlundeki-futbol-aski-kadin-ogretmeni-erkek-futbol-takimina-antrenor-yapti","status":"publish","type":"post","link":"https:\/\/haberbesiktas.tr\/?p=12670","title":{"rendered":"G\u00f6nl\u00fcndeki futbol a\u015fk\u0131 kad\u0131n \u00f6\u011fretmeni erkek futbol tak\u0131m\u0131na antren\u00f6r yapt\u0131"},"content":{"rendered":"<div>Gaziantep&#8217;te \u00e7ocukluktan i\u00e7inde kalan futbol a\u015fk\u0131n\u0131 ya\u015famak i\u00e7in ge\u00e7en y\u0131l kurdu\u011fu erkek futbol ekibinin antren\u00f6rl\u00fc\u011f\u00fcn\u00fc yapan bayan v\u00fccut e\u011fitimi \u00f6\u011fretmeni G\u00f6rkem Has\u0131rc\u0131, \u015fampiyon olup gelece\u011fin y\u0131ld\u0131zlar\u0131n\u0131 yeti\u015ftirmek istiyor.<\/p>\n<p> Kamil Ocak Spor Lisesi&#8217;nde v\u00fccut e\u011fitimi \u00f6\u011fretmeni olan 43 ya\u015f\u0131ndaki Has\u0131rc\u0131, \u00e7ocukluk y\u0131llar\u0131ndan beri futbola ilgi duydu.<\/p>\n<p> Mahalle ortas\u0131nda erkek ya\u015f\u0131tlar\u0131yle daima futbol oynayan Has\u0131rc\u0131, o y\u0131llarda bayan futboluna ilgi az oldu\u011fu i\u00e7in profesyonel oyuncu olamad\u0131.<\/p>\n<p> Futboldan uzakla\u015fmamak i\u00e7in v\u00fccut e\u011fitimi \u00f6\u011fretmeni olan Has\u0131rc\u0131, ge\u00e7en y\u0131l ismini ta\u015f\u0131yan G\u00f6rkem Has\u0131rc\u0131 Spor Kul\u00fcb\u00fcn\u00fc kurdu.<\/p>\n<p> T\u00fcrkiye Futbol Federasyonundan tescil alan kadrosu, bu y\u0131l lokal liglerde u\u011fra\u015f ediyor.<\/p>\n<p> Has\u0131rc\u0131, AA muhabirine, futboldan hi\u00e7 kopmad\u0131\u011f\u0131n\u0131 ve 7 y\u0131ld\u0131r \u00f6\u011fretmenlik yapt\u0131\u011f\u0131n\u0131 s\u00f6yledi.<\/p>\n<p> Hayalindeki grubu kurdu\u011fu i\u00e7in memnun oldu\u011funu belirten Has\u0131rc\u0131, &#8220;Bu y\u0131l birinci sefer liglere kat\u0131l\u0131yoruz. U-13, U-14, U-15 ve U-16 gen\u00e7lerde mahall\u00ee liglerde gayret ediyoruz.&#8221; dedi.<\/p>\n<p> \u00c7ocukluk y\u0131llar\u0131ndan bayan futboluna olan ilginin az oldu\u011fundan yak\u0131nan Has\u0131rc\u0131, &#8220;K\u00fc\u00e7\u00fckl\u00fc\u011f\u00fcmde mahallede \u00e7ok futbol oynard\u0131m. Evvelce bayan futboluna g\u00fcn\u00fcm\u00fcz kadar ilgi yoktu. Futbol oynayamad\u0131\u011f\u0131m i\u00e7in i\u00e7imde ukde kald\u0131. Bende \u015fu anda erkek futbol kadrosunda antren\u00f6rl\u00fck yaparak bunu telafi etmeye \u00e7al\u0131\u015f\u0131yorum.&#8221; diye konu\u015ftu.<\/p>\n<p> G\u00f6rkem Has\u0131rc\u0131, trib\u00fcnlerde k\u00fcfr\u00fcn ve holiganl\u0131\u011f\u0131n en aza indirilmesi noktas\u0131nda bayanlar\u0131n bu manada \u00f6n planda olmas\u0131n\u0131 gerekti\u011fine inand\u0131\u011f\u0131n\u0131 aktard\u0131.<\/p>\n<p> <strong>&#8220;Bundan sonraki d\u00f6nemler i\u00e7in amac\u0131m\u0131z \u015fampiyonluk&#8221;<\/strong><\/p>\n<p> \u0130\u015fini \u00e7ok sevdi\u011fini ve bu manada etraf\u0131ndan daima olumlu yans\u0131lar ald\u0131\u011f\u0131n\u0131 anlatan Has\u0131rc\u0131, \u015fu s\u00f6zleri kulland\u0131:<\/p>\n<p> &#8220;\u0130\u015fimi a\u015fk ile yap\u0131yorum. Her g\u00fcn kendimi geli\u015ftirme noktas\u0131nda ara\u015ft\u0131rmalarda bulunuyorum. Hasebiyle bu durum \u00e7ocuklar\u0131n \u00e7al\u0131\u015fmas\u0131na tesir ediyor. Haftan\u0131n d\u00f6rt g\u00fcn\u00fc idman yap\u0131yoruz. \u015eu anda U-14 ligi devam ediyor. C k\u00fcmesinde ikinci s\u0131raday\u0131z. Bundan sonraki d\u00f6nemler i\u00e7in amac\u0131m\u0131z \u015fampiyonluk.&#8221;<\/p>\n<p> Oyunculardan Kerem Keklik\u00e7i ise 6&#8217;nc\u0131 s\u0131n\u0131f \u00f6\u011frencisi oldu\u011funu s\u00f6yledi.<\/p>\n<p> Hocas\u0131n\u0131 birinci g\u00f6rd\u00fc\u011f\u00fcnde \u015fa\u015f\u0131rd\u0131\u011f\u0131n\u0131 lisana getiren Keklik\u00e7i, &#8220;Erkek antren\u00f6r bekliyordum. G\u00f6rkem hoca, idmanda pas kondisyon \u00e7al\u0131\u015fmalar\u0131 ile ortada ma\u00e7lar yap\u0131yoruz. Hocam\u0131z ile \u015fampiyonluk ya\u015fayaca\u011f\u0131m\u0131za inan\u0131yorum. \u0130leride Kerem Akt\u00fcrko\u011flu \u00fczere futbolcu olmak istiyorum.&#8221; bi\u00e7iminde konu\u015ftu.<\/p>\n<\/div>\n","protected":false},"excerpt":{"rendered":"<p>Gaziantep&#8217;te ge\u00e7en y\u0131l kurdu\u011fu erkek futbol ekibinin antren\u00f6rl\u00fc\u011f\u00fcn\u00fc yapan v\u00fccut e\u011fitimi \u00f6\u011fretmeni G\u00f6rkem Has\u0131rc\u0131, \u015fampiyonluk hedefliyor.<\/p>\n","protected":false},"author":1,"featured_media":12671,"comment_status":"open","ping_status":"open","sticky":false,"template":"","format":"standard","meta":{"footnotes":""},"categories":[25],"tags":[172,246],"class_list":["post-12670","post","type-post","status-publish","format-standard","has-post-thumbnail","hentry","category-futbol","tag-futbol","tag-kadin"],"_links":{"self":[{"href":"https:\/\/haberbesiktas.tr\/index.php?rest_route=\/wp\/v2\/posts\/12670","targetHints":{"allow":["GET"]}}],"collection":[{"href":"https:\/\/haberbesiktas.tr\/index.php?rest_route=\/wp\/v2\/posts"}],"about":[{"href":"https:\/\/haberbesiktas.tr\/index.php?rest_route=\/wp\/v2\/types\/post"}],"author":[{"embeddable":true,"href":"https:\/\/haberbesiktas.tr\/index.php?rest_route=\/wp\/v2\/users\/1"}],"replies":[{"embeddable":true,"href":"https:\/\/haberbesiktas.tr\/index.php?rest_route=%2Fwp%2Fv2%2Fcomments&post=12670"}],"version-history":[{"count":1,"href":"https:\/\/haberbesiktas.tr\/index.php?rest_route=\/wp\/v2\/posts\/12670\/revisions"}],"predecessor-version":[{"id":12672,"href":"https:\/\/haberbesiktas.tr\/index.php?rest_route=\/wp\/v2\/posts\/12670\/revisions\/12672"}],"wp:featuredmedia":[{"embeddable":true,"href":"https:\/\/haberbesiktas.tr\/index.php?rest_route=\/wp\/v2\/media\/12671"}],"wp:attachment":[{"href":"https:\/\/haberbesiktas.tr\/index.php?rest_route=%2Fwp%2Fv2%2Fmedia&parent=12670"}],"wp:term":[{"taxonomy":"category","embeddable":true,"href":"https:\/\/haberbesiktas.tr\/index.php?rest_route=%2Fwp%2Fv2%2Fcategories&post=12670"},{"taxonomy":"post_tag","embeddable":true,"href":"https:\/\/haberbesiktas.tr\/index.php?rest_route=%2Fwp%2Fv2%2Ftags&post=12670"}],"curies":[{"name":"wp","href":"https:\/\/api.w.org\/{rel}","templated":true}]}}