{"id":12673,"date":"2025-02-28T01:00:05","date_gmt":"2025-02-28T01:00:05","guid":{"rendered":"https:\/\/haberbesiktas.tr\/?p=12673"},"modified":"2025-02-28T01:00:05","modified_gmt":"2025-02-28T01:00:05","slug":"fenerbahcenin-6-sirp-oyuncusu-ognjen-mimovic","status":"publish","type":"post","link":"https:\/\/haberbesiktas.tr\/?p=12673","title":{"rendered":"Fenerbah\u00e7e&#8217;nin 6. S\u0131rp oyuncusu Ognjen Mimovic"},"content":{"rendered":"<div>\n<div> Fenerbah\u00e7e&#8217;nin orta transferde tak\u0131ma d\u00f6rd\u00fcnc\u00fc deste\u011fi Ognjen Mimovic, sar\u0131-lacivertli grubun tarihteki 6. S\u0131rp oyuncusu oldu.<\/p>\n<p> Diego Carlos, Anderson Talisca ve Milan Skriniar transferlerinin akabinde 20 ya\u015f\u0131ndaki Ognjen Mimovic&#8217;i tak\u0131m\u0131na katan Fenerbah\u00e7e, bu sezonki 12. transferini yapt\u0131.<\/p>\n<p> Fenerbah\u00e7e tarihindeki alt\u0131nc\u0131 S\u0131rp futbolcu Mimovic, Dusan Tadic ve Filip Kostic ile tak\u0131mdaki S\u0131rp oyuncu say\u0131s\u0131n\u0131 \u00fc\u00e7e \u00e7\u0131kard\u0131.<\/p>\n<p> Mimovic, sar\u0131-lacivertli kul\u00fcb\u00fcn tarihindeki 197. transfer olarak kay\u0131tlara ge\u00e7ti.<\/p>\n<p> <strong>Fenerbah\u00e7e&#8217;nin S\u0131rp futbolcular\u0131<\/strong><\/p>\n<p> Fenerbah\u00e7e&#8217;nin birinci S\u0131rp transferi forvet oyuncusu Mateja Kezman oldu. 2006 y\u0131l\u0131nda sar\u0131-lacivertli tak\u0131ma imza atan Kezman, 2009 y\u0131l\u0131nda Fransa&#8217;n\u0131n Paris Saint-Germain tak\u0131m\u0131na transfer oldu.<\/p>\n<p> Fenerbah\u00e7e&#8217;nin 100. y\u0131lda ya\u015fad\u0131\u011f\u0131 \u015fampiyonlukta tak\u0131mda bulunan Kezman, 2007-08 d\u00f6neminde da Muhte\u015fem Kupa&#8217;y\u0131 kazanan tak\u0131mdayd\u0131.<\/p>\n<p> Kezman&#8217;\u0131n akabinde Fenerbah\u00e7e, Juventus&#8217;tan al\u0131nan Milos Krasic&#8217;i tak\u0131ma dahil etti. Krasic, sar\u0131-lacivertli formayla 2012-13 d\u00f6neminde T\u00fcrkiye Kupas\u0131&#8217;n\u0131 kazand\u0131.<\/p>\n<p> Fenerbah\u00e7e, \u00fc\u00e7\u00fcnc\u00fc S\u0131rp oyuncusu Lazar Markovic&#8217;in bonservisini 2015-16 d\u00f6neminde Liverpool&#8217;dan kiralad\u0131. Markovic, 1 d\u00f6nem oynad\u0131ktan sonra \u0130ngiltere&#8217;ye geri d\u00f6nerken daha sonra T\u00fcrkiye&#8217;de Gaziantep FK ve Trabzonspor formalar\u0131 giydi.<\/p>\n<p> Fenerbah\u00e7e&#8217;nin ba\u015fka S\u0131rp oyuncular\u0131 Dusan Tadic ve Filip Kostic, mevcut tak\u0131mda yer al\u0131yor.<\/p>\n<p> <strong>Ali Ko\u00e7 periyodunun \u00fc\u00e7\u00fcnc\u00fc S\u0131rp oyuncusu<\/strong><\/p>\n<p> Fenerbah\u00e7e, lider Ali Ko\u00e7 devrinde, Ognjen Mimovic ile 65. yabanc\u0131 oyuncu transferine imza att\u0131.<\/p>\n<p> Sar\u0131-lacivertli tak\u0131m, Ali Ko\u00e7 idaresinde 39 farkl\u0131 \u00fclkeden oyuncu transfer ederken bu devrin \u00fc\u00e7\u00fcnc\u00fc S\u0131rp oyuncusu Ognjen Mimovic oldu.<\/p>\n<p> Futbola S\u0131rbistan&#8217;\u0131n Metalac tak\u0131m\u0131n\u0131n altyap\u0131s\u0131nda ba\u015flay\u0131p K\u0131z\u0131ly\u0131ld\u0131z&#8217;\u0131n altyap\u0131s\u0131na transfer olan Mimovic&#8217;in bonservisi, 2020-21 d\u00f6neminde Grafica&#8217;\u0131n 17 ya\u015f alt\u0131 grubuna kiraland\u0131.<\/p>\n<p> Grafica&#8217;dan 1 d\u00f6nem sonra geri d\u00f6n\u00fcp K\u0131z\u0131ly\u0131ld\u0131z&#8217;\u0131n 19 ya\u015f alt\u0131 ekibine kat\u0131lan Mimovic, 2022-23 d\u00f6neminin ikinci yar\u0131s\u0131n\u0131 ve 2023-24 d\u00f6neminin birinci yar\u0131s\u0131n\u0131 kiral\u0131k olarak OFK Belgrad&#8217;da ge\u00e7irdi.<\/p>\n<p> K\u0131z\u0131ly\u0131ld\u0131z&#8217;a ge\u00e7en sene devre ortas\u0131nda geri d\u00f6nen gen\u00e7 oyuncu, burada 1 y\u0131l forma giyip Fenerbah\u00e7e&#8217;ye transfer oldu.<\/p>\n<p> <strong>Fenerbah\u00e7e tarihindeki yabanc\u0131 futbolcular<\/strong><\/p>\n<p> Fenerbah\u00e7e&#8217;nin Ognjen Mimovic da dahil olmak \u00fczere 117 y\u0131lda tak\u0131m\u0131na dahil etti\u011fi 197 yabanc\u0131 futbolcu \u00fclkelerine nazaran \u015f\u00f6yle:<\/p>\n<p> Brezilya (30): Gerson Candido, Sergio Nerves, Reinaldo Simao, Cerqueria Washington, Fabio Luciano, Marco Aurelio, Marcio Nobre, Fabiano Rodriquez, Alex de Souza, Eduardo Luis Abonizi de Souza &#8220;Edu&#8221;, Deivid de Souza, Roberto Carlos, Bilica, Cristian Baroni, Andre Santos, Diego Ribas, Fabiano Ribeiro, Fernandao, Josef de Souza, Giuliano, Jailson Marques Siqueira, Luiz Gustavo, Luan Peres, Lincoln Henrique, Willian Arao, Gustavo Henrique, Rodrigo Becao, Fred Rodrigues, Diego Carlos, Anderson Talisca.<\/p>\n<p> Yugoslavya (17): As\u0131m Ferhadovic, Vasille Radovic, Lazar Lemic, Stevano Ostojovic, Radomir Antic, Radmilo \u0130van\u00e7evic, \u0130brahim Begovic, Suat Karalic, Fahruddin Zeynelovic, Srebrenko Repcic, Dusan Pesic, Zvan Lukovcan, Fad\u0131l Vokri, Miroslav Tanjga, Nikola Lazetic, Zoran Mirkovic, Miroslav Stevic.<\/p>\n<p> Almanya (8): Wilhelm Kohlhammer, K\u00f6rner, Tony Schumacher, Andreas Wagenhaus, Robert Enke, Max Kruse, Mergim Berisha, Max Meyer.<\/p>\n<p> Hollanda (7): Pierre van Hooijdonk, Dirk Kuyt, Robin Van Persie, Van der Wiel, Jeremain Lens, Vincent Janssen, Jayden Oosterwolde.<\/p>\n<p> Senegal (7): Mamadou Niang, Issiar Dia, Moussa Sow, Abdoulaye Ba, Mame Thiam, Papiss Cisse, Lamine Diack.<\/p>\n<p> Portekiz (7): Manuel Dimas, Raul Meireles, Bruno Alves, Luis Carlos Almeida da Cunha (Nani), Luis Neto, Miguel Crespo, Bruma.<\/p>\n<p> S\u0131rbistan (6): Mateja Kezman, Milos Krasic, Lazar Markovic, Dusan Tadic, Filip Kostic, Ognjen Mimovic.<\/p>\n<p> Danimarka (6): Henrik Nielsen, Brian Steen Nielsen, Frank Pingel, Jes H\u00f6gh, Simon Kjaer, Mathias Jorgensen &#8220;Zanka&#8221;.<\/p>\n<p> Yunanistan (6): Jean Boris, Constantin Boris, Tripo, Apostol Nikoliadis, Ko\u00e7a Negroponti, Dimitrios Pelkas.<\/p>\n<p> Nijerya (6): Uche Okechukwu, Augustine Okocha, Joseph Yobo, Emmanuel Emenike, Victor Moses, Bright Osayi-Samuel.<\/p>\n<p> Romanya (5): Ion Nunweiler, Ilie Datcu, Mircea Sasu, Sabin Ilie, Viorel Moldovan.<\/p>\n<p> Gana (5): Samuel Johnson, Yaw Preko, Stephen Appiah, Andre Ayew, Alexander Djiku.<\/p>\n<p> \u0130svi\u00e7re (4): Gustav Haenni, Reto Ziegler, Michael Frey, Kemal Ademi.<\/p>\n<p> Fransa (4): Nicolas Anelka, Mathieu Valbuena, Adil Rami, Allan Saint-Maximin.<\/p>\n<p> Fas (4): Aat\u0131f Chahechouhe, Nabil Dirar, Youssef En-Nesyri, Sofyan Amrabat.<\/p>\n<p> M\u0131s\u0131r (4): H\u00fcseyin, Kamil, Faid, Fayed.<\/p>\n<p> \u0130talya (4): Ran\u00e7o, Baldini, Joao Pedro, Leonardo Bonucci.<\/p>\n<p> Arjantin (3): Ariel Ortega, Jose Sosa, Diego Perotti.<\/p>\n<p> Rusya (3): Ivan Viscnevski, Vladimir Beschastnykh, Roman Neustaedter.<\/p>\n<p> Bulgaristan (3): Stonimir Stoilov, Emil Kostadinov, Ivailo Petkov.<\/p>\n<p> Kamerun (3): Henri Bienvenu, Pierre Webo, Carlos Kameni.<\/p>\n<p> \u0130spanya (3): Daniel G\u00fciza, Josico, Roberto Soldado.<\/p>\n<p> Uruguay (3): Diego Lugano, Mauricio Lamos, Diego Rossi.<\/p>\n<p> Polonya (3): Czeslaw Jakolcewicz, Piotr Soczynski, Sebastian Szymanski.<\/p>\n<p> Slovakya (3): Miroslav Stoch, Martin Skrtel, Milan Skriniar.<\/p>\n<p> \u0130ngiltere (3): Horace Armitage, Dalian Robert Atkinson, Ryan Kent.<\/p>\n<p> H\u0131rvatistan (3): Milan Rapai\u00e7, Stjepan Tomas, Dominik Livakovic.<\/p>\n<p> Bosna Hersek (3): Demir Hotic, Edin Dzeko, Rade Krunic.<\/p>\n<p> Ukrayna (2): Sergei Rebrov, Oleksandr Karavaiev.<\/p>\n<p> Arnavutluk (2): Bahri Kaya, S\u00fcleyman Vafi.<\/p>\n<p> Cezayir (2): \u0130slam Slimani, Yassine Benzia.<\/p>\n<p> \u0130sve\u00e7 (2): Kenneth Andersson, Samuel Holmen.<\/p>\n<p> \u015eili (2): Claudio Maldonado, Mauricio Isla.<\/p>\n<p> \u0130ran (2): Hossein Sadaghiani, Allahyar Sayyadmanesh.<\/p>\n<p> Slovenya (2): Dzoni Novak, Miha Zajc.<\/p>\n<p> Gine (2): S\u00fcleyman Oulare, Simon Falette.<\/p>\n<p> \u00c7ekya (2): Michal Kadlec, Filip Novak.<\/p>\n<p> Macaristan (2): Zobel, Attila Szalai.<\/p>\n<p> Makedonya (2): Eljif Elmas, Ezgjan Alioski.<\/p>\n<p> G\u00fcney Afrika (1): John Moshoeu.<\/p>\n<p> \u0130srail (1): Haim Revivo.<\/p>\n<p> Meksika (1): Diego Reyes.<\/p>\n<p> Kosova (1): Vedat Muric.<\/p>\n<p> Ye\u015fil Burun Adalar\u0131 (1): Garry Rodrigues.<\/p>\n<p> Ekvador (1): Enner Valencia.<\/p>\n<p> Kongo (1): Marcel Tisserand.<\/p>\n<p> Tanzanya (1): Mbwana Samatta.<\/p>\n<p> G\u00fcney Kore (1): Min-jae Kim.<\/p>\n<p> Sierra Leone (1): Steven Caulker.<\/p>\n<p> Bel\u00e7ika (1): Michy Batshuayi.<\/p>\n<p> Norve\u00e7 (1): Joshua King.<\/p>\n<p> Not: T\u00fcrk vatanda\u015fl\u0131\u011f\u0131na ge\u00e7tikten sonra transfer edilen futbolcular de\u011ferlendirmeye al\u0131nmad\u0131. Bosna Hersekli futbolcular Elvir Bali\u00e7 ve Elvir Boli\u00e7 bu nedenle listede yer almam\u0131\u015ft\u0131r. Ayr\u0131yeten, Brezilyal\u0131 Marco Aurelio ise Fenerbah\u00e7e&#8217;ye transfer olduktan sonra T\u00fcrk vatanda\u015fl\u0131\u011f\u0131na ge\u00e7ti\u011fi i\u00e7in listede bulunmaktad\u0131r.<\/p><\/div>\n<\/div>\n","protected":false},"excerpt":{"rendered":"<p>Fenerbah\u00e7e&#8217;nin S\u0131rbistan&#8217;\u0131n K\u0131z\u0131ly\u0131ld\u0131z tak\u0131m\u0131ndan tak\u0131m\u0131na katt\u0131\u011f\u0131 Ognjen Mimovic, sar\u0131-lacivertlilerin tarihindeki 6. S\u0131rp futbolcu oldu.<\/p>\n","protected":false},"author":1,"featured_media":12674,"comment_status":"open","ping_status":"open","sticky":false,"template":"","format":"standard","meta":{"footnotes":""},"categories":[25],"tags":[1090,1272,115,57,48],"class_list":["post-12673","post","type-post","status-publish","format-standard","has-post-thumbnail","hentry","category-futbol","tag-1090","tag-diego","tag-fenerbahce","tag-sezon","tag-transfer"],"_links":{"self":[{"href":"https:\/\/haberbesiktas.tr\/index.php?rest_route=\/wp\/v2\/posts\/12673","targetHints":{"allow":["GET"]}}],"collection":[{"href":"https:\/\/haberbesiktas.tr\/index.php?rest_route=\/wp\/v2\/posts"}],"about":[{"href":"https:\/\/haberbesiktas.tr\/index.php?rest_route=\/wp\/v2\/types\/post"}],"author":[{"embeddable":true,"href":"https:\/\/haberbesiktas.tr\/index.php?rest_route=\/wp\/v2\/users\/1"}],"replies":[{"embeddable":true,"href":"https:\/\/haberbesiktas.tr\/index.php?rest_route=%2Fwp%2Fv2%2Fcomments&post=12673"}],"version-history":[{"count":1,"href":"https:\/\/haberbesiktas.tr\/index.php?rest_route=\/wp\/v2\/posts\/12673\/revisions"}],"predecessor-version":[{"id":12675,"href":"https:\/\/haberbesiktas.tr\/index.php?rest_route=\/wp\/v2\/posts\/12673\/revisions\/12675"}],"wp:featuredmedia":[{"embeddable":true,"href":"https:\/\/haberbesiktas.tr\/index.php?rest_route=\/wp\/v2\/media\/12674"}],"wp:attachment":[{"href":"https:\/\/haberbesiktas.tr\/index.php?rest_route=%2Fwp%2Fv2%2Fmedia&parent=12673"}],"wp:term":[{"taxonomy":"category","embeddable":true,"href":"https:\/\/haberbesiktas.tr\/index.php?rest_route=%2Fwp%2Fv2%2Fcategories&post=12673"},{"taxonomy":"post_tag","embeddable":true,"href":"https:\/\/haberbesiktas.tr\/index.php?rest_route=%2Fwp%2Fv2%2Ftags&post=12673"}],"curies":[{"name":"wp","href":"https:\/\/api.w.org\/{rel}","templated":true}]}}