{"id":12676,"date":"2025-02-28T01:12:05","date_gmt":"2025-02-28T01:12:05","guid":{"rendered":"https:\/\/haberbesiktas.tr\/?p=12676"},"modified":"2025-02-28T01:12:05","modified_gmt":"2025-02-28T01:12:05","slug":"fenerbahcede-tur-sonrasi-mourinhonun-sozleri-akla-geldi","status":"publish","type":"post","link":"https:\/\/haberbesiktas.tr\/?p=12676","title":{"rendered":"Fenerbah\u00e7e&#8217;de tur sonras\u0131 Mourinho&#8217;nun s\u00f6zleri akla geldi"},"content":{"rendered":"<div>Fenerbah\u00e7e Avrupa Ligi&#8217;nin normal lig kademesini 24&#8217;\u00fcnc\u00fc s\u0131rada tamamlayarak play-off&#8217;a ismini yazd\u0131rd\u0131.<\/p>\n<p> Bu sonu\u00e7 sonras\u0131nda teknik y\u00f6netici Jose Mourinho&#8217;nun 7&#8217;nci haftadaki Lyon ma\u00e7\u0131 \u00f6ncesindeki s\u00f6zleri ak\u0131llara geldi.<\/p>\n<p> Daha evvel bu turnuvada 4 farkl\u0131 ekiple \u00e7aba eden ve 3 defa final oynay\u0131p, 2 kez da kupay\u0131 kazanan Portekizli \u00e7al\u0131\u015ft\u0131r\u0131c\u0131, Lyon ma\u00e7\u0131 \u00f6ncesinde; &#8220;\u0130ki ma\u00e7tan alaca\u011f\u0131m\u0131z iki puan bizi play-off&#8217;a ta\u015f\u0131yacak&#8221; dedi.<\/p>\n<p> <strong>BRAGA TEK GOLLE YEN\u0130NCE&#8230;<\/strong><\/p>\n<p> Mourinho&#8217;nun dedi\u011fi \u00fczere de oldu. Fenerbah\u00e7e, Kad\u0131k\u00f6y&#8217;de konuk etti\u011fi Lyon&#8217;la gols\u00fcz berabere kalarak puan\u0131n\u0131 9&#8217;a y\u00fckseltmi\u015f ve haftay\u0131 23&#8217;\u00fcnc\u00fc s\u0131rada tamamlam\u0131\u015ft\u0131. Sar\u0131-lacivertli temsilcimiz, son haftada ise Midtjylland&#8217;la deplasmanda 2-2 berabere kald\u0131 ve Braga&#8217;n\u0131n Lazio&#8217;yu 1-0 yenmesinin akabinde son bileti alarak play-off&#8217;a ismini yazd\u0131rd\u0131. Fenerbah\u00e7e&#8217;nin playoff&#8217;a kalmas\u0131n\u0131n akabinde Jose i\u00e7in &#8220;Kahin Mourinho&#8221; yorumlar\u0131 yap\u0131ld\u0131.\u00a0\u00a0<\/p>\n<div>\u00a0<\/div>\n<\/div>\n","protected":false},"excerpt":{"rendered":"<p>Fenerbah\u00e7e&#8217;nin playoff&#8217;a kalmas\u0131n\u0131n akabinde Jose Mourinho i\u00e7in &#8220;Kahin Mourinho&#8221; yorumlar\u0131 yap\u0131ld\u0131.<\/p>\n","protected":false},"author":1,"featured_media":12677,"comment_status":"open","ping_status":"open","sticky":false,"template":"","format":"standard","meta":{"footnotes":""},"categories":[25],"tags":[],"class_list":["post-12676","post","type-post","status-publish","format-standard","has-post-thumbnail","hentry","category-futbol"],"_links":{"self":[{"href":"https:\/\/haberbesiktas.tr\/index.php?rest_route=\/wp\/v2\/posts\/12676","targetHints":{"allow":["GET"]}}],"collection":[{"href":"https:\/\/haberbesiktas.tr\/index.php?rest_route=\/wp\/v2\/posts"}],"about":[{"href":"https:\/\/haberbesiktas.tr\/index.php?rest_route=\/wp\/v2\/types\/post"}],"author":[{"embeddable":true,"href":"https:\/\/haberbesiktas.tr\/index.php?rest_route=\/wp\/v2\/users\/1"}],"replies":[{"embeddable":true,"href":"https:\/\/haberbesiktas.tr\/index.php?rest_route=%2Fwp%2Fv2%2Fcomments&post=12676"}],"version-history":[{"count":1,"href":"https:\/\/haberbesiktas.tr\/index.php?rest_route=\/wp\/v2\/posts\/12676\/revisions"}],"predecessor-version":[{"id":12678,"href":"https:\/\/haberbesiktas.tr\/index.php?rest_route=\/wp\/v2\/posts\/12676\/revisions\/12678"}],"wp:featuredmedia":[{"embeddable":true,"href":"https:\/\/haberbesiktas.tr\/index.php?rest_route=\/wp\/v2\/media\/12677"}],"wp:attachment":[{"href":"https:\/\/haberbesiktas.tr\/index.php?rest_route=%2Fwp%2Fv2%2Fmedia&parent=12676"}],"wp:term":[{"taxonomy":"category","embeddable":true,"href":"https:\/\/haberbesiktas.tr\/index.php?rest_route=%2Fwp%2Fv2%2Fcategories&post=12676"},{"taxonomy":"post_tag","embeddable":true,"href":"https:\/\/haberbesiktas.tr\/index.php?rest_route=%2Fwp%2Fv2%2Ftags&post=12676"}],"curies":[{"name":"wp","href":"https:\/\/api.w.org\/{rel}","templated":true}]}}