{"id":12682,"date":"2025-02-28T01:48:05","date_gmt":"2025-02-28T01:48:05","guid":{"rendered":"https:\/\/haberbesiktas.tr\/?p=12682"},"modified":"2025-02-28T01:48:05","modified_gmt":"2025-02-28T01:48:05","slug":"iskenderunspor-stadinin-acilisini-trabzonspor-maciyla-yapacak","status":"publish","type":"post","link":"https:\/\/haberbesiktas.tr\/?p=12682","title":{"rendered":"\u0130skenderunspor, stad\u0131n\u0131n a\u00e7\u0131l\u0131\u015f\u0131n\u0131 Trabzonspor ma\u00e7\u0131yla yapacak"},"content":{"rendered":"<div>TFF 2. Lig gruplar\u0131ndan \u0130skenderunspor, yeni stad\u0131n\u0131n a\u00e7\u0131l\u0131\u015f\u0131n\u0131 S\u00fcper Lig tak\u0131mlar\u0131ndan Trabzonspor ile yapaca\u011f\u0131 Ziraat T\u00fcrkiye Kupas\u0131 ma\u00e7\u0131yla ger\u00e7ekle\u015ftirecek.<\/p>\n<p> Ziraat T\u00fcrkiye Kupas\u0131&#8217;ndaki 4. cins kar\u015f\u0131la\u015fmas\u0131nda Nesine 3. Lig tak\u0131mlar\u0131ndan Tire 2021&#8217;i, 5. \u00e7e\u015fitte da Trendyol \u00dcst\u00fcn Lig&#8217;den Ataka\u015f Hatayspor&#8217;u eleyen \u0130skenderunspor, A k\u00fcmesindeki birinci ma\u00e7\u0131nda Trendyol 1. Lig grubu MKE Ankarag\u00fcc\u00fc ile deplasmanda 1-1 berabere kald\u0131.<\/p>\n<p> K\u00fcmenin 2. m\u00fcsabakas\u0131nda Sar\u0131seki Mahallesi&#8217;ndeki 9 bin 800 ki\u015filik \u0130skenderun Fuat Tosyal\u0131 Stadyumu&#8217;nda Trabzonspor&#8217;u konuk etmeye haz\u0131rlanan \u0130skenderunspor, rakibini yenerek yeni stad\u0131nda oynayaca\u011f\u0131 birinci ma\u00e7tan galibiyetle ayr\u0131lmay\u0131 hedefliyor.<\/p>\n<p> <strong>&#8220;Stad\u0131m\u0131z Trabzonspor ma\u00e7\u0131yla a\u00e7\u0131l\u0131yor&#8221;<\/strong><\/p>\n<p> \u0130skenderunspor Kul\u00fcb\u00fc Lideri Hakan Bolat, AA muhabirini, kupada k\u00fcmelere kadar ula\u015fman\u0131n gruplar\u0131 ismine b\u00fcy\u00fck muvaffakiyet oldu\u011funu s\u00f6yledi.<\/p>\n<p> \u00c7eyrek final yolunda her ma\u00e7a puan almak i\u00e7in \u00e7\u0131kt\u0131klar\u0131n\u0131 anlatan Bolat, \u015f\u00f6yle devam etti:<\/p>\n<p> &#8220;Kupadaki format bu y\u0131l de\u011fi\u015fti bu da biraz aleyhimize oldu. K\u00fcmemizde 6 kadro var fakat yaln\u0131zca 2 kadro \u00e7\u0131k\u0131yor ve bu k\u00fcmede tek 2. Lig grubu biziz. Bizler de \u00e7eyrek finale \u00e7\u0131kmak i\u00e7in elimizden gelenin en d\u00fczg\u00fcn\u00fcn\u00fc yapaca\u011f\u0131z, in\u015fallah ba\u015far\u0131l\u0131 oluruz. Stad\u0131m\u0131z, Trabzonspor ma\u00e7\u0131yla bir arada a\u00e7\u0131l\u0131yor, taraftar\u0131m\u0131z\u0131 davet ediyoruz, ho\u015f bir g\u00fcn olacak. Trabzonspor ma\u00e7\u0131nda \u00f6nceli\u011fimiz 1 puan, alabilirsek de 3 puan.&#8221;<\/p>\n<p> <strong>&#8220;Sahaya \u00e7\u0131kacak, elimizden geleni yapaca\u011f\u0131z&#8221;<\/strong><\/p>\n<p> Ekip kaptan\u0131 Erbay Eker de kupada ald\u0131klar\u0131 \u00e2l\u00e2 sonu\u00e7larla k\u00fcmelere kald\u0131klar\u0131n\u0131 s\u00f6yledi.<\/p>\n<p> Trabzonspor ma\u00e7\u0131n\u0131 heyecanla bekleklediklerini belirten Erbay, &#8220;Trabzonspor b\u00fcy\u00fck bir topluluk, onlarla oynayaca\u011f\u0131m\u0131z i\u00e7in kendimizi \u015fansl\u0131 hissediyoruz. \u0130n\u015fallah \u00e2l\u00e2 bir ma\u00e7 olur puan ya da puanlar almak istiyoruz. Tahminen hayal \u00fczere geliyor lakin biz sahiden puan ve puanlar i\u00e7in alana \u00e7\u0131kacak, elimizden geleni yapaca\u011f\u0131z.&#8221; diye konu\u015ftu.<\/p>\n<p> Ekibin yeni transferlerinden sol bek Yusuf Acer de hem ligde hem de kupada gayeleri olan ekipte forma giydi\u011fini s\u00f6yledi.<\/p>\n<p> Trabzonspor ile kar\u015f\u0131la\u015facaklar\u0131 \u00e7abaya s\u0131k\u0131 haz\u0131rland\u0131klar\u0131n\u0131 anlatan Acer, &#8220;Heyecanl\u0131y\u0131z, hem kent hem de bizim ismimize ho\u015f bir ma\u00e7 olsun.&#8221; dedi.<\/p>\n<\/div>\n","protected":false},"excerpt":{"rendered":"<p>\u0130skenderunspor, yeni stad\u0131n\u0131n a\u00e7\u0131l\u0131\u015f\u0131n\u0131 S\u00fcper Lig tak\u0131mlar\u0131ndan Trabzonspor ile yapaca\u011f\u0131 Ziraat T\u00fcrkiye Kupas\u0131 ma\u00e7\u0131yla ger\u00e7ekle\u015ftirecek.<\/p>\n","protected":false},"author":1,"featured_media":12683,"comment_status":"open","ping_status":"open","sticky":false,"template":"","format":"standard","meta":{"footnotes":""},"categories":[25],"tags":[1370,51,50,52,98],"class_list":["post-12682","post","type-post","status-publish","format-standard","has-post-thumbnail","hentry","category-futbol","tag-iskenderun","tag-lig","tag-mac","tag-takim","tag-trabzonspor"],"_links":{"self":[{"href":"https:\/\/haberbesiktas.tr\/index.php?rest_route=\/wp\/v2\/posts\/12682","targetHints":{"allow":["GET"]}}],"collection":[{"href":"https:\/\/haberbesiktas.tr\/index.php?rest_route=\/wp\/v2\/posts"}],"about":[{"href":"https:\/\/haberbesiktas.tr\/index.php?rest_route=\/wp\/v2\/types\/post"}],"author":[{"embeddable":true,"href":"https:\/\/haberbesiktas.tr\/index.php?rest_route=\/wp\/v2\/users\/1"}],"replies":[{"embeddable":true,"href":"https:\/\/haberbesiktas.tr\/index.php?rest_route=%2Fwp%2Fv2%2Fcomments&post=12682"}],"version-history":[{"count":1,"href":"https:\/\/haberbesiktas.tr\/index.php?rest_route=\/wp\/v2\/posts\/12682\/revisions"}],"predecessor-version":[{"id":12684,"href":"https:\/\/haberbesiktas.tr\/index.php?rest_route=\/wp\/v2\/posts\/12682\/revisions\/12684"}],"wp:featuredmedia":[{"embeddable":true,"href":"https:\/\/haberbesiktas.tr\/index.php?rest_route=\/wp\/v2\/media\/12683"}],"wp:attachment":[{"href":"https:\/\/haberbesiktas.tr\/index.php?rest_route=%2Fwp%2Fv2%2Fmedia&parent=12682"}],"wp:term":[{"taxonomy":"category","embeddable":true,"href":"https:\/\/haberbesiktas.tr\/index.php?rest_route=%2Fwp%2Fv2%2Fcategories&post=12682"},{"taxonomy":"post_tag","embeddable":true,"href":"https:\/\/haberbesiktas.tr\/index.php?rest_route=%2Fwp%2Fv2%2Ftags&post=12682"}],"curies":[{"name":"wp","href":"https:\/\/api.w.org\/{rel}","templated":true}]}}