{"id":12685,"date":"2025-02-28T02:00:07","date_gmt":"2025-02-28T02:00:07","guid":{"rendered":"https:\/\/haberbesiktas.tr\/?p=12685"},"modified":"2025-02-28T02:00:07","modified_gmt":"2025-02-28T02:00:07","slug":"jose-mourinhodan-avrupa-ligi-icin-flas-talisca-karari","status":"publish","type":"post","link":"https:\/\/haberbesiktas.tr\/?p=12685","title":{"rendered":"Jose Mourinho&#8217;dan Avrupa Ligi i\u00e7in fla\u015f Talisca karar\u0131"},"content":{"rendered":"<div>Devre ortas\u0131 tak\u0131m\u0131na Diego Carlos, Milan Skriniar, Anderson Talisca ve Ognjen Mimovic&#8217;i katan Fenerbah\u00e7e&#8217;de topluluk ve taraftarlar, UEFA listesine yaz\u0131lacak 3 oyuncuyu merak ediyor.<\/p>\n<p> Sar\u0131-lacivertli ekibin, listeye u\u0308c\u0327 isim ekleme hakk\u0131 var. Listeler 6 S\u0327ubat&#8217;ta gu\u0308ncelleniyor. Sar\u0131 Kanarya, Anderlecht ile de birinci mac\u0327\u0131na 13 S\u0327ubat&#8217;ta c\u0327\u0131k\u0131yor. Talisca&#8217;n\u0131n mac\u0327 eksig\u0306i bulunuyor. Grubun stoperde Diego Carlos ve Milan Skriniar&#8217;a gereksinimi var.<\/p>\n<p> <strong>KOSTI\u0307C ALTERNATI\u0307FSI\u0307Z<\/strong><\/p>\n<p> Kanarya&#8217;da solda forma giyecek futbolcu olmad\u0131g\u0306\u0131 ic\u0327in de Szymanski sol bek-kanat oynamak zorunda kald\u0131. Bu nedenle Teknik Direkto\u0308r Mourinho, listeye Carlos, Skriniar ve Kostic&#8217;in ismini yazmaya haz\u0131rlan\u0131yor. Bu kararda Mourinho&#8217;nun Su\u0308per Lig s\u0327ampiyonlug\u0306una daha c\u0327ok o\u0308nem vermesi de yat\u0131yor. Sar\u0131-lacivertli ekibin tak\u0131m\u0131nda Talisca&#8217;n\u0131n yerine Avrupa&#8217;da oynayacak futbolcular mevcut.<\/p>\n<p> <strong>TALISCA&#8217;YI L\u0130GE SAKLIYOR<\/strong><\/p>\n<p> F.Bah\u00e7e, Avrupa&#8217;da finale gidene kadar en fazla 9 mac\u0327a c\u0327\u0131karken, ligde uzun bir maraton sar\u0131-lacivertlileri bekliyor. Bu maratonda da Talisca&#8217;ya daha c\u0327ok ihtiyac\u0327 duyuluyor.<\/p>\n<p> <strong>FI\u0307NALDEN VAZGEC\u0327MEDI\u0307<\/strong><\/p>\n<p> Lakin bu karar, F.Bahc\u0327e&#8217;nin Bilbao&#8217;daki San Mames Stad\u0131&#8217;nda oynanacak Avrupa Ligi finalinden vazgec\u0327tig\u0306i manas\u0131na gelmiyor. Kanarya, Mourinho ile Avrupa&#8217;da s\u0327ampiyonluk hayali de kuruyor.\u00a0\u00a0<\/p>\n<div>\u00a0<\/div>\n<\/div>\n","protected":false},"excerpt":{"rendered":"<p>Avrupa Ligi&#8217;nde final maksad\u0131 c\u0327izen Fenerbahc\u0327e, 6 S\u0327ubat&#8217;ta UEFA&#8217;ya Diego Carlos, Milan Skriniar ve Filip Kostic&#8217;i bildirecek. Anderson Talisca&#8217;n\u0131n 13 S\u0327ubat&#8217;taki Anderlecht kars\u0327\u0131las\u0327mas\u0131na kadar mac\u0327 kondisyonu kazanmas\u0131 s\u0131k\u0131nt\u0131.<\/p>\n","protected":false},"author":1,"featured_media":12686,"comment_status":"open","ping_status":"open","sticky":false,"template":"","format":"standard","meta":{"footnotes":""},"categories":[25],"tags":[],"class_list":["post-12685","post","type-post","status-publish","format-standard","has-post-thumbnail","hentry","category-futbol"],"_links":{"self":[{"href":"https:\/\/haberbesiktas.tr\/index.php?rest_route=\/wp\/v2\/posts\/12685","targetHints":{"allow":["GET"]}}],"collection":[{"href":"https:\/\/haberbesiktas.tr\/index.php?rest_route=\/wp\/v2\/posts"}],"about":[{"href":"https:\/\/haberbesiktas.tr\/index.php?rest_route=\/wp\/v2\/types\/post"}],"author":[{"embeddable":true,"href":"https:\/\/haberbesiktas.tr\/index.php?rest_route=\/wp\/v2\/users\/1"}],"replies":[{"embeddable":true,"href":"https:\/\/haberbesiktas.tr\/index.php?rest_route=%2Fwp%2Fv2%2Fcomments&post=12685"}],"version-history":[{"count":1,"href":"https:\/\/haberbesiktas.tr\/index.php?rest_route=\/wp\/v2\/posts\/12685\/revisions"}],"predecessor-version":[{"id":12687,"href":"https:\/\/haberbesiktas.tr\/index.php?rest_route=\/wp\/v2\/posts\/12685\/revisions\/12687"}],"wp:featuredmedia":[{"embeddable":true,"href":"https:\/\/haberbesiktas.tr\/index.php?rest_route=\/wp\/v2\/media\/12686"}],"wp:attachment":[{"href":"https:\/\/haberbesiktas.tr\/index.php?rest_route=%2Fwp%2Fv2%2Fmedia&parent=12685"}],"wp:term":[{"taxonomy":"category","embeddable":true,"href":"https:\/\/haberbesiktas.tr\/index.php?rest_route=%2Fwp%2Fv2%2Fcategories&post=12685"},{"taxonomy":"post_tag","embeddable":true,"href":"https:\/\/haberbesiktas.tr\/index.php?rest_route=%2Fwp%2Fv2%2Ftags&post=12685"}],"curies":[{"name":"wp","href":"https:\/\/api.w.org\/{rel}","templated":true}]}}