{"id":1269,"date":"2025-01-05T18:30:46","date_gmt":"2025-01-05T18:30:46","guid":{"rendered":"https:\/\/haberbesiktas.tr\/?p=1269"},"modified":"2025-01-05T18:30:46","modified_gmt":"2025-01-05T18:30:46","slug":"altayda-kaleci-ozana-geri-donmesi-icin-cagri","status":"publish","type":"post","link":"https:\/\/haberbesiktas.tr\/?p=1269","title":{"rendered":"Altay&#8217;da kaleci Ozan&#8217;a geri d\u00f6nmesi i\u00e7in \u00e7a\u011fr\u0131"},"content":{"rendered":"<div><span><span>TFF 2&#8217;nci Lig Beyaz K\u00fcme gruplar\u0131ndan Altay&#8217;da kadrodan ayr\u0131lan kaleci Ozan Evrim \u00d6zen\u00e7&#8217;e idare, &#8220;Geri d\u00f6n&#8221; daveti yapt\u0131.<br \/>\u00a0<br \/><\/span><\/span> <\/p>\n<p>Alacaklar\u0131 yat\u0131r\u0131lmay\u0131nca kul\u00fcbe ihtarname g\u00f6nderip h\u00fcr kalma hakk\u0131 kazanan ve birinci yar\u0131n\u0131n bitimine 2 hafta kala \u0130zmir&#8217;den ayr\u0131larak Antalya&#8217;ya ailesinin yan\u0131na giden deneyimli file bek\u00e7isi devre ortas\u0131 haz\u0131rl\u0131klar\u0131nda da tak\u0131mda yer almad\u0131. Kaleci Ozan&#8217;a idare \u00f6deme kelam\u0131 verdi.\u00a0<\/p>\n<p> Toplulu\u011fun k\u0131ymetli isimlerinin kul\u00fcbe dayanak olmak gayesiyle bir ortaya gelmesinin akabinde Ozan&#8217;\u0131n yuvaya d\u00f6nmesi i\u00e7in d\u00fc\u011fmeye bas\u0131ld\u0131. Kul\u00fcp Ba\u015fkan\u0131 S\u00fcleyman \u00d6zkaral, kaleci Ozan&#8217;\u0131n \u00f6n\u00fcm\u00fczdeki g\u00fcnlerde gruba kat\u0131laca\u011f\u0131n\u0131, tecr\u00fcbeli eldivene \u00f6deme yapacaklar\u0131n\u0131 s\u00f6yledi. Transfer yasa\u011f\u0131 bulunan Altay&#8217;da birinci devrenin son 2 ma\u00e7\u0131nda altyap\u0131dan yeti\u015fen 19 ya\u015f\u0131ndaki kaleci Ula\u015f Hasan \u00d6z\u00e7elik birinci 11&#8217;de vazife yapm\u0131\u015ft\u0131.<\/p>\n<\/div>\n","protected":false},"excerpt":{"rendered":"<p>Altay, gruptan ayr\u0131lan kaleci Ozan Evrim \u00d6zen\u00e7&#8217;e geri d\u00f6nmesi i\u00e7in davet yapt\u0131.<\/p>\n","protected":false},"author":1,"featured_media":1270,"comment_status":"open","ping_status":"open","sticky":false,"template":"","format":"standard","meta":{"footnotes":""},"categories":[25],"tags":[],"class_list":["post-1269","post","type-post","status-publish","format-standard","has-post-thumbnail","hentry","category-futbol"],"_links":{"self":[{"href":"https:\/\/haberbesiktas.tr\/index.php?rest_route=\/wp\/v2\/posts\/1269","targetHints":{"allow":["GET"]}}],"collection":[{"href":"https:\/\/haberbesiktas.tr\/index.php?rest_route=\/wp\/v2\/posts"}],"about":[{"href":"https:\/\/haberbesiktas.tr\/index.php?rest_route=\/wp\/v2\/types\/post"}],"author":[{"embeddable":true,"href":"https:\/\/haberbesiktas.tr\/index.php?rest_route=\/wp\/v2\/users\/1"}],"replies":[{"embeddable":true,"href":"https:\/\/haberbesiktas.tr\/index.php?rest_route=%2Fwp%2Fv2%2Fcomments&post=1269"}],"version-history":[{"count":1,"href":"https:\/\/haberbesiktas.tr\/index.php?rest_route=\/wp\/v2\/posts\/1269\/revisions"}],"predecessor-version":[{"id":1271,"href":"https:\/\/haberbesiktas.tr\/index.php?rest_route=\/wp\/v2\/posts\/1269\/revisions\/1271"}],"wp:featuredmedia":[{"embeddable":true,"href":"https:\/\/haberbesiktas.tr\/index.php?rest_route=\/wp\/v2\/media\/1270"}],"wp:attachment":[{"href":"https:\/\/haberbesiktas.tr\/index.php?rest_route=%2Fwp%2Fv2%2Fmedia&parent=1269"}],"wp:term":[{"taxonomy":"category","embeddable":true,"href":"https:\/\/haberbesiktas.tr\/index.php?rest_route=%2Fwp%2Fv2%2Fcategories&post=1269"},{"taxonomy":"post_tag","embeddable":true,"href":"https:\/\/haberbesiktas.tr\/index.php?rest_route=%2Fwp%2Fv2%2Ftags&post=1269"}],"curies":[{"name":"wp","href":"https:\/\/api.w.org\/{rel}","templated":true}]}}