{"id":12779,"date":"2025-02-28T11:00:10","date_gmt":"2025-02-28T11:00:10","guid":{"rendered":"https:\/\/haberbesiktas.tr\/?p=12779"},"modified":"2025-02-28T11:00:10","modified_gmt":"2025-02-28T11:00:10","slug":"trabzonsporun-deplasman-kabusu-bitmedi","status":"publish","type":"post","link":"https:\/\/haberbesiktas.tr\/?p=12779","title":{"rendered":"Trabzonspor&#8217;un deplasman kabusu bitmedi!"},"content":{"rendered":"<div>Trendyol Muhte\u015fem Lig&#8217;in 22. haftas\u0131nda Bellona Kayserispor, Trabzonspor&#8217;u konuk etti.\u00a0<\/p>\n<p>RHG Enerjit\u00fcrk G\u00fc\u00e7 Stadyumu&#8217;nda\u00a0oynanan \u00e7aba, 0-0 beraberlikle sonu\u00e7land\u0131.\u00a0<\/p>\n<p>Trabzonspor&#8217;da <strong>Batista Mendy<\/strong>, 82 ve 86. dakikalarda g\u00f6rd\u00fc\u011f\u00fc sar\u0131 kartlar sonras\u0131 k\u0131rm\u0131z\u0131 kartla oyun d\u0131\u015f\u0131nda kald\u0131. Bordo-Mavililer \u00e7abay\u0131 10 ki\u015fi tamamlad\u0131.<\/p>\n<p>Bu sonu\u00e7la birlikte galibiyet hasreti 6 ma\u00e7a \u00e7\u0131kan Kayserispor, 17 puanla 16. s\u0131rada konumland\u0131.\u00a0<\/p>\n<p>Bu d\u00f6nem deplasmanda galibiyetle tan\u0131\u015famayan ve d\u0131\u015f alanda galibiyet hasreti 10 ma\u00e7a y\u00fckselen Trabzonspor ise 26 puana ula\u015ft\u0131 ve 9. s\u0131raya yerle\u015fti.\u00a0<\/p>\n<p>S\u00fcper Lig&#8217;de bir sonraki hafta Kayserispor, Konyaspor&#8217;u a\u011f\u0131rlayacak. Trabzonspor ise Ey\u00fcpspor&#8217;u konuk edecek.<\/p>\n<p><img decoding=\"async\" src=\"https:\/\/haberbesiktas.tr\/wp-content\/uploads\/2025\/02\/trabzonsporun-deplasman-kabusu-bitmedi-0-pJRz7nx3.jpg\"\/><\/p>\n<p><strong>DANYLO S\u0130KAN B\u0130R\u0130NC\u0130 MA\u00c7INA \u00c7IKTI<\/strong><br \/> Trabzonspor&#8217;un orta transferde tak\u0131m\u0131na katt\u0131\u011f\u0131 Ukraynal\u0131 oyuncu Danylo Sikan, bordo-mavili forma ile birinci ma\u00e7\u0131na \u00e7\u0131kt\u0131 ve 60 dakika alanda kald\u0131.<\/p>\n<p><img decoding=\"async\" src=\"https:\/\/haberbesiktas.tr\/wp-content\/uploads\/2025\/02\/trabzonsporun-deplasman-kabusu-bitmedi-1-WlqQeQrY.jpg\"\/><\/p>\n<p><strong>EREN ELMALI CEZALI DURUMA D\u00dc\u015eT\u00dc<\/strong><\/p>\n<p>M\u00fccadelenin 53. dakikas\u0131nda sar\u0131 kart g\u00f6ren Eren Elmal\u0131, cezal\u0131 duruma d\u00fc\u015ft\u00fc. Elmal\u0131, \u00dcst\u00fcn Lig&#8217;in 23. haftas\u0131nda oynanacak Ey\u00fcpspor ma\u00e7\u0131nda forma giyemeyecek.\u00a0<\/p>\n<p> <img decoding=\"async\" src=\"https:\/\/haberbesiktas.tr\/wp-content\/uploads\/2025\/02\/trabzonsporun-deplasman-kabusu-bitmedi-2-7cnw11c7.jpg\"\/><\/p>\n<p><strong>MA\u00c7TAN DAK\u0130KALAR (\u0130LK YARI)<\/strong><br \/> Trendyol Muhte\u015fem Lig&#8217;in 22. haftas\u0131ndaki Bellona Kayserispor-Trabzonspor, m\u00fcsabakas\u0131n\u0131n birinci yar\u0131s\u0131 0-0 berabere bitti.<\/p>\n<p> 9. dakikada Kayserisor ata\u011f\u0131nda Bourabia&#8217;n\u0131n orta pas\u0131nda sol \u00e7aprazdan ceza alan\u0131na giren Cardoso&#8217;nun sert \u015futunda me\u015fin yuvarlak direkten d\u00f6nd\u00fc.<\/p>\n<p> 13. dakikada sa\u011f kanatta topla bulu\u015fan Karimi&#8217;nin ortas\u0131nda \u00f6n dire\u011fe ko\u015fu yapan Nazon&#8217;un alt\u0131pas i\u00e7erisinden yatarak yapt\u0131\u011f\u0131 ba\u015f vuru\u015funda, kaleci U\u011furcan \u00c7ak\u0131r uzanarak me\u015fin yuvarla\u011f\u0131 kornere \u00e7eldi.<\/p>\n<p> 22. dakikada Mane&#8217;nin sa\u011f kanattan ortas\u0131nda art dire\u011fe ko\u015fu yapan Cardoso ile Bourabia ortas\u0131nda \u00e7\u0131kan uyu\u015fmazl\u0131k sonucu Bourabia&#8217;n\u0131n ba\u015f\u0131na \u00e7arpan top auta \u00e7\u0131kt\u0131.<\/p>\n<p> 23. dakikada Kayserispor ceza alan\u0131 i\u00e7erisinde olu\u015fan karanbolde topu denetim eden Visca&#8217;nin \u015futunda kaleci Bilal Beyaz\u0131t&#8217;\u0131 ge\u00e7ip kaleye y\u00f6nelen topu Mane yatarak uzakla\u015ft\u0131rd\u0131.<\/p>\n<p> 38. dakikada sa\u011f taraftan Visca&#8217;n\u0131n kulland\u0131\u011f\u0131 kornerde ba\u015flardan seken topa en son alt\u0131pas i\u00e7erisinde ba\u015fla at\u0131l\u0131m yapan Banza&#8217;n\u0131n dokunu\u015funda kaleci Bilal Beyaz\u0131t son anda topu kornere \u00e7eldi.<\/p>\n<p> 39. dakikada Malheiro&#8217;nun sa\u011f kanattan ortas\u0131na art dire\u011fe ko\u015fu yapan Banza&#8217;n\u0131n ba\u015f vuru\u015funda kale dire\u011finin taban\u0131na y\u00f6nelen topu kaleci Bilal Beyaz\u0131t son anda \u00e7elerek iki at\u0131l\u0131mda denetim etmeyi ba\u015fard\u0131.<\/p>\n<p> Ma\u00e7\u0131n birinci yar\u0131s\u0131 0-0 berabere tamamland\u0131.<\/p>\n<p><strong>MA\u00c7TAN DAK\u0130KALAR (\u0130K\u0130NC\u0130 YARI)<\/p>\n<p><\/strong>B\u0130RAZDAN&#8230;<\/p>\n<p><\/div>\n","protected":false},"excerpt":{"rendered":"<p>Trendyol Muhte\u015fem Lig&#8217;in 22. haftas\u0131nda Bellona Kayserispor&#8217;un Trabzonspor&#8217;u konuk etti\u011fi ma\u00e7, 0-0 berabere bitti. Bu d\u00f6nem deplasmanda hi\u00e7bir ma\u00e7\u0131n\u0131 kazanamayan Trabzonspor&#8217;un d\u0131\u015f alandaki galibiyet hasreti 10 ma\u00e7a y\u00fckseldi.<\/p>\n","protected":false},"author":1,"featured_media":12780,"comment_status":"open","ping_status":"open","sticky":false,"template":"","format":"standard","meta":{"footnotes":""},"categories":[25],"tags":[109,117,164,78,98],"class_list":["post-12779","post","type-post","status-publish","format-standard","has-post-thumbnail","hentry","category-futbol","tag-dakika","tag-kale","tag-kayserispor","tag-top","tag-trabzonspor"],"_links":{"self":[{"href":"https:\/\/haberbesiktas.tr\/index.php?rest_route=\/wp\/v2\/posts\/12779","targetHints":{"allow":["GET"]}}],"collection":[{"href":"https:\/\/haberbesiktas.tr\/index.php?rest_route=\/wp\/v2\/posts"}],"about":[{"href":"https:\/\/haberbesiktas.tr\/index.php?rest_route=\/wp\/v2\/types\/post"}],"author":[{"embeddable":true,"href":"https:\/\/haberbesiktas.tr\/index.php?rest_route=\/wp\/v2\/users\/1"}],"replies":[{"embeddable":true,"href":"https:\/\/haberbesiktas.tr\/index.php?rest_route=%2Fwp%2Fv2%2Fcomments&post=12779"}],"version-history":[{"count":1,"href":"https:\/\/haberbesiktas.tr\/index.php?rest_route=\/wp\/v2\/posts\/12779\/revisions"}],"predecessor-version":[{"id":12784,"href":"https:\/\/haberbesiktas.tr\/index.php?rest_route=\/wp\/v2\/posts\/12779\/revisions\/12784"}],"wp:featuredmedia":[{"embeddable":true,"href":"https:\/\/haberbesiktas.tr\/index.php?rest_route=\/wp\/v2\/media\/12780"}],"wp:attachment":[{"href":"https:\/\/haberbesiktas.tr\/index.php?rest_route=%2Fwp%2Fv2%2Fmedia&parent=12779"}],"wp:term":[{"taxonomy":"category","embeddable":true,"href":"https:\/\/haberbesiktas.tr\/index.php?rest_route=%2Fwp%2Fv2%2Fcategories&post=12779"},{"taxonomy":"post_tag","embeddable":true,"href":"https:\/\/haberbesiktas.tr\/index.php?rest_route=%2Fwp%2Fv2%2Ftags&post=12779"}],"curies":[{"name":"wp","href":"https:\/\/api.w.org\/{rel}","templated":true}]}}