{"id":12788,"date":"2025-02-28T11:24:12","date_gmt":"2025-02-28T11:24:12","guid":{"rendered":"https:\/\/haberbesiktas.tr\/?p=12788"},"modified":"2025-02-28T11:24:12","modified_gmt":"2025-02-28T11:24:12","slug":"getafe-ile-sevilla-yenisemedi-gol-yok","status":"publish","type":"post","link":"https:\/\/haberbesiktas.tr\/?p=12788","title":{"rendered":"Getafe ile Sevilla yeni\u015femedi: Gol yok"},"content":{"rendered":"<div>LaLiga&#8217;n\u0131n 22. haftas\u0131nda Jose Bordalas&#8217;\u0131n tak\u0131m\u0131 Getafe ile Garcia Pimienta&#8217;n\u0131n idaresindeki Sevilla 0-0 berabere kald\u0131.<\/p>\n<p> Coliseum Stadyumu&#8217;nda oynanan ma\u00e7ta kar\u015f\u0131l\u0131kl\u0131 konumlara kar\u015f\u0131n gol sesi \u00e7\u0131kmad\u0131 ve iki ekip da alandan 1 puanla ayr\u0131lm\u0131\u015f oldu.<\/p>\n<p> Getafe&#8217;de forma giyen ulusal futbolcu Bertu\u011f Y\u0131ld\u0131r\u0131m, m\u00fcsabakada forma giymedi.<\/p>\n<p> Bu sonu\u00e7la birlikte Getafe puan\u0131n\u0131 24&#8217;e y\u00fckseltirken, Sevilla ise 28 puana ula\u015fm\u0131\u015f oldu.<\/p>\n<p> Ligin bir sonraki ma\u00e7 haftas\u0131nda Getafe deplasmanda Alaves&#8217;e konuk olurken, Sevilla alan\u0131nda Barcelona&#8217;y\u0131 a\u011f\u0131rlayacak.<\/p>\n<\/div>\n","protected":false},"excerpt":{"rendered":"<p>LaLiga&#8217;n\u0131n 22. haftas\u0131nda Getafe ile Sevilla 0-0 berabere kald\u0131.<\/p>\n","protected":false},"author":1,"featured_media":12789,"comment_status":"open","ping_status":"open","sticky":false,"template":"","format":"standard","meta":{"footnotes":""},"categories":[25],"tags":[],"class_list":["post-12788","post","type-post","status-publish","format-standard","has-post-thumbnail","hentry","category-futbol"],"_links":{"self":[{"href":"https:\/\/haberbesiktas.tr\/index.php?rest_route=\/wp\/v2\/posts\/12788","targetHints":{"allow":["GET"]}}],"collection":[{"href":"https:\/\/haberbesiktas.tr\/index.php?rest_route=\/wp\/v2\/posts"}],"about":[{"href":"https:\/\/haberbesiktas.tr\/index.php?rest_route=\/wp\/v2\/types\/post"}],"author":[{"embeddable":true,"href":"https:\/\/haberbesiktas.tr\/index.php?rest_route=\/wp\/v2\/users\/1"}],"replies":[{"embeddable":true,"href":"https:\/\/haberbesiktas.tr\/index.php?rest_route=%2Fwp%2Fv2%2Fcomments&post=12788"}],"version-history":[{"count":1,"href":"https:\/\/haberbesiktas.tr\/index.php?rest_route=\/wp\/v2\/posts\/12788\/revisions"}],"predecessor-version":[{"id":12790,"href":"https:\/\/haberbesiktas.tr\/index.php?rest_route=\/wp\/v2\/posts\/12788\/revisions\/12790"}],"wp:featuredmedia":[{"embeddable":true,"href":"https:\/\/haberbesiktas.tr\/index.php?rest_route=\/wp\/v2\/media\/12789"}],"wp:attachment":[{"href":"https:\/\/haberbesiktas.tr\/index.php?rest_route=%2Fwp%2Fv2%2Fmedia&parent=12788"}],"wp:term":[{"taxonomy":"category","embeddable":true,"href":"https:\/\/haberbesiktas.tr\/index.php?rest_route=%2Fwp%2Fv2%2Fcategories&post=12788"},{"taxonomy":"post_tag","embeddable":true,"href":"https:\/\/haberbesiktas.tr\/index.php?rest_route=%2Fwp%2Fv2%2Ftags&post=12788"}],"curies":[{"name":"wp","href":"https:\/\/api.w.org\/{rel}","templated":true}]}}