{"id":12800,"date":"2025-02-28T12:48:07","date_gmt":"2025-02-28T12:48:07","guid":{"rendered":"https:\/\/haberbesiktas.tr\/?p=12800"},"modified":"2025-02-28T12:48:07","modified_gmt":"2025-02-28T12:48:07","slug":"pedro-malheiro-deplasmanlarda-sikinti-yasiyoruz","status":"publish","type":"post","link":"https:\/\/haberbesiktas.tr\/?p=12800","title":{"rendered":"Pedro Malheiro: &#8220;Deplasmanlarda s\u0131k\u0131nt\u0131 ya\u015f\u0131yoruz&#8221;"},"content":{"rendered":"<div>Trabzonspor&#8217;da Pedro Malheiro, 0-0 biten Kayserispor ma\u00e7\u0131n\u0131n akabinde a\u00e7\u0131klamalarda bulundu.<\/p>\n<p>Deplasmanda zorland\u0131klar\u0131n\u0131 s\u00f6yleyen Malheiro, <strong>&#8220;<\/strong><span><strong>\u0130lk dakikalar haricinda \u00e2l\u00e2 bir birinci yar\u0131 oynad\u0131\u011f\u0131m\u0131z\u0131 s\u00f6yleyebilirim. \u0130kinci yar\u0131da birinci yar\u0131 \u00fczere de\u011fildi. Deplasmanda d\u00fc\u015f\u00fcnce \u00e7ekti\u011fimizi biliyoruz. Taraftar\u0131m\u0131z\u0131n takviyesi olmad\u0131\u011f\u0131nda problem \u00e7ekti\u011fimiz bir ger\u00e7ek. Kazanmak i\u00e7in gelmi\u015ftik ancak beraberlikle ayr\u0131ld\u0131k. Sonraki ma\u00e7larda elimizden geleni yapmaya devam edece\u011fiz.&#8221;<\/strong> kelamlar\u0131n\u0131 sarf etti.<\/span><\/div>\n","protected":false},"excerpt":{"rendered":"<p>Trabzonspor&#8217;da Pedro Malheiro, 0-0 biten Kayserispor ma\u00e7\u0131n\u0131n akabinde a\u00e7\u0131klamalarda bulundu.<\/p>\n","protected":false},"author":1,"featured_media":12801,"comment_status":"open","ping_status":"open","sticky":false,"template":"","format":"standard","meta":{"footnotes":""},"categories":[25],"tags":[],"class_list":["post-12800","post","type-post","status-publish","format-standard","has-post-thumbnail","hentry","category-futbol"],"_links":{"self":[{"href":"https:\/\/haberbesiktas.tr\/index.php?rest_route=\/wp\/v2\/posts\/12800","targetHints":{"allow":["GET"]}}],"collection":[{"href":"https:\/\/haberbesiktas.tr\/index.php?rest_route=\/wp\/v2\/posts"}],"about":[{"href":"https:\/\/haberbesiktas.tr\/index.php?rest_route=\/wp\/v2\/types\/post"}],"author":[{"embeddable":true,"href":"https:\/\/haberbesiktas.tr\/index.php?rest_route=\/wp\/v2\/users\/1"}],"replies":[{"embeddable":true,"href":"https:\/\/haberbesiktas.tr\/index.php?rest_route=%2Fwp%2Fv2%2Fcomments&post=12800"}],"version-history":[{"count":1,"href":"https:\/\/haberbesiktas.tr\/index.php?rest_route=\/wp\/v2\/posts\/12800\/revisions"}],"predecessor-version":[{"id":12802,"href":"https:\/\/haberbesiktas.tr\/index.php?rest_route=\/wp\/v2\/posts\/12800\/revisions\/12802"}],"wp:featuredmedia":[{"embeddable":true,"href":"https:\/\/haberbesiktas.tr\/index.php?rest_route=\/wp\/v2\/media\/12801"}],"wp:attachment":[{"href":"https:\/\/haberbesiktas.tr\/index.php?rest_route=%2Fwp%2Fv2%2Fmedia&parent=12800"}],"wp:term":[{"taxonomy":"category","embeddable":true,"href":"https:\/\/haberbesiktas.tr\/index.php?rest_route=%2Fwp%2Fv2%2Fcategories&post=12800"},{"taxonomy":"post_tag","embeddable":true,"href":"https:\/\/haberbesiktas.tr\/index.php?rest_route=%2Fwp%2Fv2%2Ftags&post=12800"}],"curies":[{"name":"wp","href":"https:\/\/api.w.org\/{rel}","templated":true}]}}