{"id":12803,"date":"2025-02-28T13:00:07","date_gmt":"2025-02-28T13:00:07","guid":{"rendered":"https:\/\/haberbesiktas.tr\/?p=12803"},"modified":"2025-02-28T13:00:07","modified_gmt":"2025-02-28T13:00:07","slug":"kartal-kayra-yilmaz-yeni-hocamizla-birlikte-cikisa-gecmek-istiyoruz","status":"publish","type":"post","link":"https:\/\/haberbesiktas.tr\/?p=12803","title":{"rendered":"Kartal Kayra Y\u0131lmaz: &#8220;Yeni hocam\u0131zla birlikte \u00e7\u0131k\u0131\u015fa ge\u00e7mek istiyoruz&#8221;"},"content":{"rendered":"<div>Kayserispor&#8217;da 0-0 biten Trabzonspor ma\u00e7\u0131n\u0131n akabinde Kartal Kayra Y\u0131lmaz ve Arif Kocaman a\u00e7\u0131klamalarda bulundu.<\/p>\n<p>\u0130yi futbol oynad\u0131klar\u0131n\u0131 s\u00f6yleyen Kartal Kayra,\u00a0<span><strong>&#8220;T\u00fcm ekip arkada\u015flar\u0131m\u0131 kutluyorum. \u0130nan\u0131lmaz bir Kayserispor vard\u0131 alanda. Birinci yar\u0131da ma\u00e7a \u00e7ok istedi\u011fimiz \u00fczere ba\u015flayamad\u0131k. Birka\u00e7 durum bulduk lakin de\u011ferlendiremedik. \u0130kinci yar\u0131ya daha h\u0131rsl\u0131 ba\u015flad\u0131k. Trabzonspor&#8217;a konum vermedik ikinci yar\u0131da. 4-5 konum yakalad\u0131k. Bir hoca de\u011fi\u015fikli\u011fi oldu. Hoca de\u011fi\u015fikli\u011fi bir kan de\u011fi\u015fikli\u011fi demektir. Yeterli bir yolday\u0131z. Bu hocayla birlikte in\u015fallah pazartesiden itibaren g\u00fczel haz\u0131rlanaca\u011f\u0131z. \u00d6n\u00fcm\u00fczde bir Konyaspor ma\u00e7\u0131 var. \u0130n\u015fallah 3 puan\u0131 al\u0131p yolumuza devam etmek istiyoruz.&#8221;<\/strong> s\u00f6zlerini kulland\u0131.<\/p>\n<p>Arif Kocaman ise <strong>&#8220;Son birka\u00e7 ma\u00e7t\u0131r \u015fanss\u0131zl\u0131\u011f\u0131m\u0131z vard\u0131. Yeni hocan\u0131n gelmesiyle, hocan\u0131n yard\u0131m\u0131 direkt bize yans\u0131d\u0131. O itimad\u0131 bize yans\u0131d\u0131. Kazanabilirdik de fakat en az\u0131ndan bir puan ald\u0131k. \u0130n\u015fallah daha uygun olaca\u011f\u0131z.&#8221;<\/strong> kelamlar\u0131n\u0131 sarf etti.<\/span><\/div>\n","protected":false},"excerpt":{"rendered":"<p>Kayserispor&#8217;da 0-0 biten Trabzonspor ma\u00e7\u0131n\u0131n akabinde Kartal Kayra Y\u0131lmaz ve Arif Kocaman a\u00e7\u0131klamalarda bulundu.<\/p>\n","protected":false},"author":1,"featured_media":12804,"comment_status":"open","ping_status":"open","sticky":false,"template":"","format":"standard","meta":{"footnotes":""},"categories":[25],"tags":[288],"class_list":["post-12803","post","type-post","status-publish","format-standard","has-post-thumbnail","hentry","category-futbol","tag-hoca"],"_links":{"self":[{"href":"https:\/\/haberbesiktas.tr\/index.php?rest_route=\/wp\/v2\/posts\/12803","targetHints":{"allow":["GET"]}}],"collection":[{"href":"https:\/\/haberbesiktas.tr\/index.php?rest_route=\/wp\/v2\/posts"}],"about":[{"href":"https:\/\/haberbesiktas.tr\/index.php?rest_route=\/wp\/v2\/types\/post"}],"author":[{"embeddable":true,"href":"https:\/\/haberbesiktas.tr\/index.php?rest_route=\/wp\/v2\/users\/1"}],"replies":[{"embeddable":true,"href":"https:\/\/haberbesiktas.tr\/index.php?rest_route=%2Fwp%2Fv2%2Fcomments&post=12803"}],"version-history":[{"count":1,"href":"https:\/\/haberbesiktas.tr\/index.php?rest_route=\/wp\/v2\/posts\/12803\/revisions"}],"predecessor-version":[{"id":12805,"href":"https:\/\/haberbesiktas.tr\/index.php?rest_route=\/wp\/v2\/posts\/12803\/revisions\/12805"}],"wp:featuredmedia":[{"embeddable":true,"href":"https:\/\/haberbesiktas.tr\/index.php?rest_route=\/wp\/v2\/media\/12804"}],"wp:attachment":[{"href":"https:\/\/haberbesiktas.tr\/index.php?rest_route=%2Fwp%2Fv2%2Fmedia&parent=12803"}],"wp:term":[{"taxonomy":"category","embeddable":true,"href":"https:\/\/haberbesiktas.tr\/index.php?rest_route=%2Fwp%2Fv2%2Fcategories&post=12803"},{"taxonomy":"post_tag","embeddable":true,"href":"https:\/\/haberbesiktas.tr\/index.php?rest_route=%2Fwp%2Fv2%2Ftags&post=12803"}],"curies":[{"name":"wp","href":"https:\/\/api.w.org\/{rel}","templated":true}]}}