{"id":12806,"date":"2025-02-28T13:36:09","date_gmt":"2025-02-28T13:36:09","guid":{"rendered":"https:\/\/haberbesiktas.tr\/?p=12806"},"modified":"2025-02-28T13:36:09","modified_gmt":"2025-02-28T13:36:09","slug":"stefan-savic-kazanamadik-ama-adil-bir-sonuc-oldu","status":"publish","type":"post","link":"https:\/\/haberbesiktas.tr\/?p=12806","title":{"rendered":"Stefan Savic: &#8220;Kazanamad\u0131k ama adil bir sonu\u00e7 oldu&#8221;"},"content":{"rendered":"<div><span>Trabzonspor&#8217;da Stefan Savic, 0-0 biten Kayserispor ma\u00e7\u0131n\u0131n akabinde a\u00e7\u0131klamalarda bulundu.<\/p>\n<p><\/span> <\/p>\n<div><span>Kazanmak istediklerini fakat bunu ba\u015faramad\u0131klar\u0131n\u0131 s\u00f6yleyen Savic, <strong>&#8220;Uzun bir ortadan sonra d\u00f6nmekten memnunum. G\u00fc\u00e7 bir ma\u00e7 olaca\u011f\u0131n\u0131 biliyorduk. \u0130ki kadronun da gereksinimi vard\u0131. S\u0131k\u0131nt\u0131 bir ma\u00e7 oldu. \u0130stedi\u011fimiz bu de\u011fildi. Kazanmak i\u00e7in gelmi\u015ftik. Ma\u00e7\u0131n genelinde bak\u0131nca adil bir sonu\u00e7 olarak k\u0131ymetlendirebiliriz.&#8221;<\/strong> tabirlerini kulland\u0131.<\/span><\/div>\n<\/div>\n","protected":false},"excerpt":{"rendered":"<p>Trabzonspor&#8217;da Stefan Savic, 0-0 biten Kayserispor ma\u00e7\u0131n\u0131n akabinde a\u00e7\u0131klamalarda bulundu.<\/p>\n","protected":false},"author":1,"featured_media":12807,"comment_status":"open","ping_status":"open","sticky":false,"template":"","format":"standard","meta":{"footnotes":""},"categories":[25],"tags":[],"class_list":["post-12806","post","type-post","status-publish","format-standard","has-post-thumbnail","hentry","category-futbol"],"_links":{"self":[{"href":"https:\/\/haberbesiktas.tr\/index.php?rest_route=\/wp\/v2\/posts\/12806","targetHints":{"allow":["GET"]}}],"collection":[{"href":"https:\/\/haberbesiktas.tr\/index.php?rest_route=\/wp\/v2\/posts"}],"about":[{"href":"https:\/\/haberbesiktas.tr\/index.php?rest_route=\/wp\/v2\/types\/post"}],"author":[{"embeddable":true,"href":"https:\/\/haberbesiktas.tr\/index.php?rest_route=\/wp\/v2\/users\/1"}],"replies":[{"embeddable":true,"href":"https:\/\/haberbesiktas.tr\/index.php?rest_route=%2Fwp%2Fv2%2Fcomments&post=12806"}],"version-history":[{"count":1,"href":"https:\/\/haberbesiktas.tr\/index.php?rest_route=\/wp\/v2\/posts\/12806\/revisions"}],"predecessor-version":[{"id":12808,"href":"https:\/\/haberbesiktas.tr\/index.php?rest_route=\/wp\/v2\/posts\/12806\/revisions\/12808"}],"wp:featuredmedia":[{"embeddable":true,"href":"https:\/\/haberbesiktas.tr\/index.php?rest_route=\/wp\/v2\/media\/12807"}],"wp:attachment":[{"href":"https:\/\/haberbesiktas.tr\/index.php?rest_route=%2Fwp%2Fv2%2Fmedia&parent=12806"}],"wp:term":[{"taxonomy":"category","embeddable":true,"href":"https:\/\/haberbesiktas.tr\/index.php?rest_route=%2Fwp%2Fv2%2Fcategories&post=12806"},{"taxonomy":"post_tag","embeddable":true,"href":"https:\/\/haberbesiktas.tr\/index.php?rest_route=%2Fwp%2Fv2%2Ftags&post=12806"}],"curies":[{"name":"wp","href":"https:\/\/api.w.org\/{rel}","templated":true}]}}