{"id":12809,"date":"2025-02-28T13:48:06","date_gmt":"2025-02-28T13:48:06","guid":{"rendered":"https:\/\/haberbesiktas.tr\/?p=12809"},"modified":"2025-02-28T13:48:06","modified_gmt":"2025-02-28T13:48:06","slug":"muhammed-cham-iyi-gidisatimizi-devam-ettirmek-istemistik","status":"publish","type":"post","link":"https:\/\/haberbesiktas.tr\/?p=12809","title":{"rendered":"Muhammed Cham: &#8220;\u0130yi gidi\u015fat\u0131m\u0131z\u0131 devam ettirmek istemi\u015ftik&#8221;"},"content":{"rendered":"<div>Trabzonspor, Muhte\u015fem Lig&#8217;in 22. haftas\u0131nda deplasmanda Kayserispor ile 0-0 berabere kald\u0131.<\/p>\n<p>Trabzonspor&#8217;da forma giyen Muhammed Cham, ma\u00e7\u0131n akabinde a\u00e7\u0131klamalarda bulundu.\u00a0<\/p>\n<p><strong>&#8220;\u0130Y\u0130 G\u0130D\u0130\u015eATIMIZI DEVAM ETT\u0130RMEK \u0130STEM\u0130\u015eT\u0130K&#8221;<\/strong><\/p>\n<p>M\u00fccadeleyi k\u0131ymetlendiren 10 numara, <strong>&#8220;Eksik olan \u015feylerden biri istedi\u011fimiz kadar agresif olmamam\u0131zd\u0131. Son haftalarda goll\u00fc ma\u00e7lar oynam\u0131\u015ft\u0131k. \u00dcz\u00fcc\u00fc nat\u00fcrel ki. G\u00fczel bir gidi\u015fat\u0131m\u0131z vard\u0131. Bunu devam ettirmek istemi\u015ftik lakin olmad\u0131 maalesef.&#8221;<\/strong> tabirlerini kulland\u0131.<\/div>\n","protected":false},"excerpt":{"rendered":"<p>Kayserispor ile deplasmanda 0-0 berabere kalan Trabzonspor&#8217;da forma giyen Muhammed Cham, ma\u00e7\u0131n akabinde a\u00e7\u0131klamalarda bulundu.<\/p>\n","protected":false},"author":1,"featured_media":12810,"comment_status":"open","ping_status":"open","sticky":false,"template":"","format":"standard","meta":{"footnotes":""},"categories":[25],"tags":[],"class_list":["post-12809","post","type-post","status-publish","format-standard","has-post-thumbnail","hentry","category-futbol"],"_links":{"self":[{"href":"https:\/\/haberbesiktas.tr\/index.php?rest_route=\/wp\/v2\/posts\/12809","targetHints":{"allow":["GET"]}}],"collection":[{"href":"https:\/\/haberbesiktas.tr\/index.php?rest_route=\/wp\/v2\/posts"}],"about":[{"href":"https:\/\/haberbesiktas.tr\/index.php?rest_route=\/wp\/v2\/types\/post"}],"author":[{"embeddable":true,"href":"https:\/\/haberbesiktas.tr\/index.php?rest_route=\/wp\/v2\/users\/1"}],"replies":[{"embeddable":true,"href":"https:\/\/haberbesiktas.tr\/index.php?rest_route=%2Fwp%2Fv2%2Fcomments&post=12809"}],"version-history":[{"count":1,"href":"https:\/\/haberbesiktas.tr\/index.php?rest_route=\/wp\/v2\/posts\/12809\/revisions"}],"predecessor-version":[{"id":12811,"href":"https:\/\/haberbesiktas.tr\/index.php?rest_route=\/wp\/v2\/posts\/12809\/revisions\/12811"}],"wp:featuredmedia":[{"embeddable":true,"href":"https:\/\/haberbesiktas.tr\/index.php?rest_route=\/wp\/v2\/media\/12810"}],"wp:attachment":[{"href":"https:\/\/haberbesiktas.tr\/index.php?rest_route=%2Fwp%2Fv2%2Fmedia&parent=12809"}],"wp:term":[{"taxonomy":"category","embeddable":true,"href":"https:\/\/haberbesiktas.tr\/index.php?rest_route=%2Fwp%2Fv2%2Fcategories&post=12809"},{"taxonomy":"post_tag","embeddable":true,"href":"https:\/\/haberbesiktas.tr\/index.php?rest_route=%2Fwp%2Fv2%2Ftags&post=12809"}],"curies":[{"name":"wp","href":"https:\/\/api.w.org\/{rel}","templated":true}]}}