{"id":12815,"date":"2025-02-28T14:12:06","date_gmt":"2025-02-28T14:12:06","guid":{"rendered":"https:\/\/haberbesiktas.tr\/?p=12815"},"modified":"2025-02-28T14:12:06","modified_gmt":"2025-02-28T14:12:06","slug":"bisiklet-grand-prix-antalya-alanyada-yapildi","status":"publish","type":"post","link":"https:\/\/haberbesiktas.tr\/?p=12815","title":{"rendered":"&#8220;Bisiklet Grand Prix Antalya&#8221; Alanya&#8217;da yap\u0131ld\u0131"},"content":{"rendered":"<p>Pedalia Milletleraras\u0131 Yol Bisiklet Yar\u0131\u015f Serisi&#8217;nin birincisi Grand Prix Antalya, Alanya&#8217;da yap\u0131ld\u0131.\u00a0<\/p>\n<p> Fraport TAV Antalya Havaliman\u0131 ana sponsorlu\u011fundaki yar\u0131\u015flara T\u00fcrkiye&#8217;ni yan\u0131 s\u0131ra Avrupa, Asya ve Kuzey Afrika \u00fclkelerinden 11 ekiple 77 atlet kat\u0131ld\u0131.\u00a0<\/p>\n<p> Alanya-Gazipa\u015fa etab\u0131nda 142 kilometre pedal \u00e7eviren sportmenler, Ulusal Egemenlik Stad\u0131 \u00f6n\u00fcnde yar\u0131\u015f\u0131 tamamlad\u0131.<\/p>\n<p> Yar\u0131\u015flarda Errenganu Cycling Ekibi&#8217;nden Hamdan Wan Abdul Rahman birinci, Konya B\u00fcy\u00fck\u015fehir Belediyesi Kul\u00fcb\u00fc&#8217;nden Ramazan Y\u0131lmaz ikinci ve CNC Cycling Ekibi&#8217;nden Emre Kaplan \u00fc\u00e7\u00fcnc\u00fc oldu.\u00a0<\/p>\n<p> Yar\u0131\u015f sonunda atletlere madalyalar\u0131n\u0131 Antalya Ticaret Odas\u0131 Y\u00f6netim Kurulu Lider Yard\u0131mc\u0131s\u0131 Hakan Pakal\u0131n, Alanya Ticaret Odas\u0131 Meclis Ba\u015fkan\u0131 Mehmet Kural verdi. Ayr\u0131yeten \u015fampiyon atlete hayat\u0131n\u0131 kaybeden Antalya Ticaret ve Sanayi Odas\u0131 Ba\u015fkan\u0131 Ali Bahar an\u0131s\u0131na &#8216;Mavi Mayo&#8217; m\u00fckafat\u0131 verildi.\u00a0<\/p>\n<p> Yar\u0131\u015f serisi, yar\u0131n ger\u00e7ekle\u015fecek International Kleopatra Criteryum yar\u0131\u015f\u0131 ile devam edecek.<\/p>\n<p> Pedalia Kurumsal \u0130rtibat Y\u00f6neticisi Okan \u00d6zk\u0131rm\u0131z\u0131, yapt\u0131\u011f\u0131 a\u00e7\u0131klamada, Pedalia Memleketler aras\u0131 Yol Bisiklet Yar\u0131\u015f Serisi&#8217;nin birincisinin Alanya&#8217;da ger\u00e7ekle\u015ftirildi\u011fini s\u00f6yledi.<\/p>\n<p> Sportmenlerin Alanya Gazipa\u015fa etab\u0131nda 142 kilometre pedal \u00e7evirdi\u011fini anlatan \u00d6zk\u0131rm\u0131z\u0131, <strong>&#8220;Sezonun birinci yar\u0131\u015f\u0131na 11 gruptan 77 sportmen kat\u0131ld\u0131. Bundan sonraki m\u00fcsabakalarda sportmen say\u0131s\u0131 artarak devam edecek.&#8221;<\/strong> tabirlerini kulland\u0131.<\/p>\n<p> \u00a0<\/p>\n","protected":false},"excerpt":{"rendered":"<p>Pedalia Milletleraras\u0131 Yol Bisiklet Yar\u0131\u015f Serisi&#8217;nin birincisi olan Grand Prix Antalya, Alanya&#8217;da ger\u00e7ekle\u015fti.<\/p>\n","protected":false},"author":1,"featured_media":12816,"comment_status":"open","ping_status":"open","sticky":false,"template":"","format":"standard","meta":{"footnotes":""},"categories":[27],"tags":[1377,1378,782,88],"class_list":["post-12815","post","type-post","status-publish","format-standard","has-post-thumbnail","hentry","category-guncel-haberler","tag-alanya","tag-pedal","tag-sporcu","tag-yaris"],"_links":{"self":[{"href":"https:\/\/haberbesiktas.tr\/index.php?rest_route=\/wp\/v2\/posts\/12815","targetHints":{"allow":["GET"]}}],"collection":[{"href":"https:\/\/haberbesiktas.tr\/index.php?rest_route=\/wp\/v2\/posts"}],"about":[{"href":"https:\/\/haberbesiktas.tr\/index.php?rest_route=\/wp\/v2\/types\/post"}],"author":[{"embeddable":true,"href":"https:\/\/haberbesiktas.tr\/index.php?rest_route=\/wp\/v2\/users\/1"}],"replies":[{"embeddable":true,"href":"https:\/\/haberbesiktas.tr\/index.php?rest_route=%2Fwp%2Fv2%2Fcomments&post=12815"}],"version-history":[{"count":1,"href":"https:\/\/haberbesiktas.tr\/index.php?rest_route=\/wp\/v2\/posts\/12815\/revisions"}],"predecessor-version":[{"id":12817,"href":"https:\/\/haberbesiktas.tr\/index.php?rest_route=\/wp\/v2\/posts\/12815\/revisions\/12817"}],"wp:featuredmedia":[{"embeddable":true,"href":"https:\/\/haberbesiktas.tr\/index.php?rest_route=\/wp\/v2\/media\/12816"}],"wp:attachment":[{"href":"https:\/\/haberbesiktas.tr\/index.php?rest_route=%2Fwp%2Fv2%2Fmedia&parent=12815"}],"wp:term":[{"taxonomy":"category","embeddable":true,"href":"https:\/\/haberbesiktas.tr\/index.php?rest_route=%2Fwp%2Fv2%2Fcategories&post=12815"},{"taxonomy":"post_tag","embeddable":true,"href":"https:\/\/haberbesiktas.tr\/index.php?rest_route=%2Fwp%2Fv2%2Ftags&post=12815"}],"curies":[{"name":"wp","href":"https:\/\/api.w.org\/{rel}","templated":true}]}}