{"id":12824,"date":"2025-02-28T15:12:07","date_gmt":"2025-02-28T15:12:07","guid":{"rendered":"https:\/\/haberbesiktas.tr\/?p=12824"},"modified":"2025-02-28T15:12:07","modified_gmt":"2025-02-28T15:12:07","slug":"senol-gunesten-takima-hava-mi-agir-geldi","status":"publish","type":"post","link":"https:\/\/haberbesiktas.tr\/?p=12824","title":{"rendered":"\u015eenol G\u00fcne\u015f&#8217;ten tak\u0131ma: &#8220;Hava m\u0131 a\u011f\u0131r geldi?&#8221;"},"content":{"rendered":"<div>Trabzonspor Teknik Y\u00f6neticisi \u015eenol G\u00fcne\u015f, 0-0 biten Kayserispor ma\u00e7\u0131n\u0131n akabinde a\u00e7\u0131klamalarda bulundu.<\/p>\n<p><strong>&#8220;HAVA MI A\u011eIR GELD\u0130 B\u0130LM\u0130YORUM&#8221;<\/strong><\/p>\n<p>Ma\u00e7\u0131 k\u0131ymetlendiren G\u00fcne\u015f, <strong>&#8220;Kazanmak i\u00e7in geldik. O niyetle alana \u00e7\u0131kt\u0131k. 2 puan kaybettik. Oyuna g\u00fczel ba\u015flamad\u0131k lakin sonra toparlad\u0131k. Konumlar da bulduk. Oyun hakimiyeti de vard\u0131. Rakip yar\u0131 alanda oynad\u0131k. Fakat bunlarda \u00e7ok yan\u0131lg\u0131 yapt\u0131k. \u00c7ok kolay top kay\u0131plar\u0131 yapt\u0131k. Agresif olmad\u0131k. Orta alanda oyuna hakim olamad\u0131k. 10 ki\u015fi kalsak da beraberli\u011fe raz\u0131 olduk. Kritik ve de\u011ferli bir ma\u00e7t\u0131. Deplasmanda kazanamama durumumuz vard\u0131. Ona son vermek istiyorduk. Olmad\u0131. 2 puan kaybettik. Birinci yar\u0131n\u0131n ba\u015f\u0131nda da ekip&#8230; Hava m\u0131 a\u011f\u0131r geldi bilmiyorum. O co\u015fkulu oyun yoktu. Kendi oyunumuzun alt\u0131ndayd\u0131k.&#8221;<\/strong> s\u00f6zlerini kulland\u0131.<\/p>\n<p><strong>SAKATLIK A\u00c7IKLAMASI<\/strong><\/p>\n<p>Umut G\u00fcne\u015f&#8217;in sakatl\u0131\u011f\u0131 olmad\u0131\u011f\u0131n\u0131 s\u00f6yleyen \u015eenol G\u00fcne\u015f, <strong>&#8220;Umut&#8217;un sakatl\u0131\u011f\u0131 yok. Oyunun gidi\u015fat\u0131na nazaran at\u0131l\u0131m yapt\u0131k.&#8221;<\/strong> tabirlerini kulland\u0131.<\/div>\n","protected":false},"excerpt":{"rendered":"<p>Trabzonspor Teknik Y\u00f6neticisi \u015eenol G\u00fcne\u015f, 0-0 biten Kayserispor ma\u00e7\u0131n\u0131n akabinde a\u00e7\u0131klamalarda bulundu.<\/p>\n","protected":false},"author":1,"featured_media":12825,"comment_status":"open","ping_status":"open","sticky":false,"template":"","format":"standard","meta":{"footnotes":""},"categories":[25],"tags":[43],"class_list":["post-12824","post","type-post","status-publish","format-standard","has-post-thumbnail","hentry","category-futbol","tag-oyun"],"_links":{"self":[{"href":"https:\/\/haberbesiktas.tr\/index.php?rest_route=\/wp\/v2\/posts\/12824","targetHints":{"allow":["GET"]}}],"collection":[{"href":"https:\/\/haberbesiktas.tr\/index.php?rest_route=\/wp\/v2\/posts"}],"about":[{"href":"https:\/\/haberbesiktas.tr\/index.php?rest_route=\/wp\/v2\/types\/post"}],"author":[{"embeddable":true,"href":"https:\/\/haberbesiktas.tr\/index.php?rest_route=\/wp\/v2\/users\/1"}],"replies":[{"embeddable":true,"href":"https:\/\/haberbesiktas.tr\/index.php?rest_route=%2Fwp%2Fv2%2Fcomments&post=12824"}],"version-history":[{"count":1,"href":"https:\/\/haberbesiktas.tr\/index.php?rest_route=\/wp\/v2\/posts\/12824\/revisions"}],"predecessor-version":[{"id":12826,"href":"https:\/\/haberbesiktas.tr\/index.php?rest_route=\/wp\/v2\/posts\/12824\/revisions\/12826"}],"wp:featuredmedia":[{"embeddable":true,"href":"https:\/\/haberbesiktas.tr\/index.php?rest_route=\/wp\/v2\/media\/12825"}],"wp:attachment":[{"href":"https:\/\/haberbesiktas.tr\/index.php?rest_route=%2Fwp%2Fv2%2Fmedia&parent=12824"}],"wp:term":[{"taxonomy":"category","embeddable":true,"href":"https:\/\/haberbesiktas.tr\/index.php?rest_route=%2Fwp%2Fv2%2Fcategories&post=12824"},{"taxonomy":"post_tag","embeddable":true,"href":"https:\/\/haberbesiktas.tr\/index.php?rest_route=%2Fwp%2Fv2%2Ftags&post=12824"}],"curies":[{"name":"wp","href":"https:\/\/api.w.org\/{rel}","templated":true}]}}