{"id":12854,"date":"2025-02-28T18:48:06","date_gmt":"2025-02-28T18:48:06","guid":{"rendered":"https:\/\/haberbesiktas.tr\/?p=12854"},"modified":"2025-02-28T18:48:06","modified_gmt":"2025-02-28T18:48:06","slug":"galatasarayda-imza-morata","status":"publish","type":"post","link":"https:\/\/haberbesiktas.tr\/?p=12854","title":{"rendered":"Galatasaray&#8217;da imza: Morata!"},"content":{"rendered":"<div>Galatasaray&#8217;\u0131n her hususta muahede sa\u011flad\u0131\u011f\u0131 Alvaro Morata transferi i\u00e7in yeni bir geli\u015fme ya\u015fand\u0131.<\/p>\n<p><span><span><span>Milan ile g\u00f6r\u00fc\u015fmelerini s\u00fcrd\u00fcren Galatasaray, \u0130talyan devi ile muahedeye vard\u0131. Morata ile daha evvelden anla\u015fm\u0131\u015f olan sar\u0131-k\u0131rm\u0131z\u0131l\u0131lar, transferin tamamlanmas\u0131 i\u00e7in t\u00fcm kurallar\u0131 yerine getirdi.<\/p>\n<p><strong>DHA&#8217;n\u0131n haberine haberine nazaran, Morata, Galatasaray&#8217;a resmi olarak imza att\u0131. Morata&#8217;n\u0131n bu gece (cumartesi) \u0130stanbul&#8217;a gelmesi bekleniyor.<\/p>\n<p>PAYLA\u015eIM GELD\u0130<\/strong><\/p>\n<p>Menajer George Gardi, toplumsal medya hesab\u0131ndan Alvaro Morata ve Galatasaray Sportif A\u015e Lider Vekili Abdullah Kavukcu ile bir payla\u015f\u0131mda bulundu.<\/p>\n<p><img decoding=\"async\" src=\"https:\/\/haberbesiktas.tr\/wp-content\/uploads\/2025\/02\/galatasarayda-imza-morata-0-VhVfpM3Q.jpg\"\/><br \/><strong><br \/><\/strong><strong>ANLA\u015eMA \u015eARTLARI<\/strong><\/p>\n<p>Habere nazaran; Galatasaray ile Milan, Morata transferi i\u00e7in kiral\u0131k muahedeyi tamamlad\u0131. Muahedede 8 milyon euro&#8217;luk bir sat\u0131n alma opsiyonu yer alacak ve sat\u0131n alma opsiyonunun aktive edilmesi durumunda 1 y\u0131ll\u0131k da kontrat uzatma opsiyonu bulunacak.<\/p>\n<p>\u0130ki kul\u00fcp ortas\u0131ndaki evrak s\u00fcre\u00e7lerinin tamamlanmas\u0131n\u0131n akabinde 32 ya\u015f\u0131ndaki golc\u00fc s\u0131hhat denetimleri ve imza i\u00e7in \u0130stanbul&#8217;a gelecek.<\/p>\n<p><strong>PERFORMANSI<\/strong><\/p>\n<p><span>Bu d\u00f6nemin ba\u015f\u0131nda 13 milyon Euro&#8217;ya Milan&#8217;a transfer olan 32 ya\u015f\u0131ndaki \u0130spanyol golc\u00fc oyuncu 25 ma\u00e7a \u00e7\u0131kt\u0131, 6 gol ve 2 asistlik katk\u0131 sa\u011flad\u0131.<\/p>\n<p><span><br \/><\/span><\/span><\/span><\/span><\/span><span><span><br \/><\/span><\/span><\/div>\n","protected":false},"excerpt":{"rendered":"<p>Galatasaray, Alvaro Morata ve Milan ile her mevzuda mutabakata vard\u0131. Morata, Galatasaray&#8217;a imza att\u0131.<\/p>\n","protected":false},"author":1,"featured_media":12855,"comment_status":"open","ping_status":"open","sticky":false,"template":"","format":"standard","meta":{"footnotes":""},"categories":[25],"tags":[1007,129,1329],"class_list":["post-12854","post","type-post","status-publish","format-standard","has-post-thumbnail","hentry","category-futbol","tag-anlasma","tag-galatasaray","tag-morata"],"_links":{"self":[{"href":"https:\/\/haberbesiktas.tr\/index.php?rest_route=\/wp\/v2\/posts\/12854","targetHints":{"allow":["GET"]}}],"collection":[{"href":"https:\/\/haberbesiktas.tr\/index.php?rest_route=\/wp\/v2\/posts"}],"about":[{"href":"https:\/\/haberbesiktas.tr\/index.php?rest_route=\/wp\/v2\/types\/post"}],"author":[{"embeddable":true,"href":"https:\/\/haberbesiktas.tr\/index.php?rest_route=\/wp\/v2\/users\/1"}],"replies":[{"embeddable":true,"href":"https:\/\/haberbesiktas.tr\/index.php?rest_route=%2Fwp%2Fv2%2Fcomments&post=12854"}],"version-history":[{"count":1,"href":"https:\/\/haberbesiktas.tr\/index.php?rest_route=\/wp\/v2\/posts\/12854\/revisions"}],"predecessor-version":[{"id":12857,"href":"https:\/\/haberbesiktas.tr\/index.php?rest_route=\/wp\/v2\/posts\/12854\/revisions\/12857"}],"wp:featuredmedia":[{"embeddable":true,"href":"https:\/\/haberbesiktas.tr\/index.php?rest_route=\/wp\/v2\/media\/12855"}],"wp:attachment":[{"href":"https:\/\/haberbesiktas.tr\/index.php?rest_route=%2Fwp%2Fv2%2Fmedia&parent=12854"}],"wp:term":[{"taxonomy":"category","embeddable":true,"href":"https:\/\/haberbesiktas.tr\/index.php?rest_route=%2Fwp%2Fv2%2Fcategories&post=12854"},{"taxonomy":"post_tag","embeddable":true,"href":"https:\/\/haberbesiktas.tr\/index.php?rest_route=%2Fwp%2Fv2%2Ftags&post=12854"}],"curies":[{"name":"wp","href":"https:\/\/api.w.org\/{rel}","templated":true}]}}