{"id":12969,"date":"2025-03-01T05:12:07","date_gmt":"2025-03-01T05:12:07","guid":{"rendered":"https:\/\/haberbesiktas.tr\/?p=12969"},"modified":"2025-03-01T05:12:07","modified_gmt":"2025-03-01T05:12:07","slug":"ognjen-mimovice-gokhan-gonulun-esinden-mesaj","status":"publish","type":"post","link":"https:\/\/haberbesiktas.tr\/?p=12969","title":{"rendered":"Ognjen Mimovic&#8217;e G\u00f6khan G\u00f6n\u00fcl&#8217;\u00fcn e\u015finden mesaj!"},"content":{"rendered":"<div>Fenerbah\u00e7e&#8217;nin yeni transferi Ognjen Mimovic&#8217;e 77 numaral\u0131 forman\u0131n verilmesinden sonra daha evvel Fenerbah\u00e7e&#8217;de uzun y\u0131llar bu formay\u0131 giyen G\u00f6khan G\u00f6n\u00fcl&#8217;\u00fcn e\u015fi Hatice G\u00f6n\u00fcl, mevzuyla ilgili bir payla\u015f\u0131m yapt\u0131.<\/p>\n<p>Sosyal medya hesab\u0131ndan yapt\u0131\u011f\u0131 payla\u015f\u0131mda Hatice G\u00f6n\u00fcl, <strong>&#8220;77 denilince akla gelen tek isim vard\u0131r, dilerim baht getirir kendisine ve hakk\u0131n\u0131 verir forman\u0131n.&#8221;<\/strong> s\u00f6zlerini kulland\u0131.<\/p>\n<p><img decoding=\"async\" src=\"https:\/\/haberbesiktas.tr\/wp-content\/uploads\/2025\/03\/ognjen-mimovice-gokhan-gonulun-esinden-mesaj-0-5DBmZIhv.jpeg\"\/><\/p>\n<p><\/div>\n","protected":false},"excerpt":{"rendered":"<p>Fenerbah\u00e7e&#8217;nin eski futbolcusu G\u00f6khan G\u00f6n\u00fcl&#8217;\u00fcn e\u015fi Hatice G\u00f6n\u00fcl, sar\u0131-lacivertlilerin yeni sa\u011f bek transferi Ognjen Mimovic&#8217;in 77 numaral\u0131 formay\u0131 giymesinin akabinde toplumsal medya hesab\u0131nda bir payla\u015f\u0131m yapt\u0131.<\/p>\n","protected":false},"author":1,"featured_media":12970,"comment_status":"open","ping_status":"open","sticky":false,"template":"","format":"standard","meta":{"footnotes":""},"categories":[25],"tags":[],"class_list":["post-12969","post","type-post","status-publish","format-standard","has-post-thumbnail","hentry","category-futbol"],"_links":{"self":[{"href":"https:\/\/haberbesiktas.tr\/index.php?rest_route=\/wp\/v2\/posts\/12969","targetHints":{"allow":["GET"]}}],"collection":[{"href":"https:\/\/haberbesiktas.tr\/index.php?rest_route=\/wp\/v2\/posts"}],"about":[{"href":"https:\/\/haberbesiktas.tr\/index.php?rest_route=\/wp\/v2\/types\/post"}],"author":[{"embeddable":true,"href":"https:\/\/haberbesiktas.tr\/index.php?rest_route=\/wp\/v2\/users\/1"}],"replies":[{"embeddable":true,"href":"https:\/\/haberbesiktas.tr\/index.php?rest_route=%2Fwp%2Fv2%2Fcomments&post=12969"}],"version-history":[{"count":1,"href":"https:\/\/haberbesiktas.tr\/index.php?rest_route=\/wp\/v2\/posts\/12969\/revisions"}],"predecessor-version":[{"id":12972,"href":"https:\/\/haberbesiktas.tr\/index.php?rest_route=\/wp\/v2\/posts\/12969\/revisions\/12972"}],"wp:featuredmedia":[{"embeddable":true,"href":"https:\/\/haberbesiktas.tr\/index.php?rest_route=\/wp\/v2\/media\/12970"}],"wp:attachment":[{"href":"https:\/\/haberbesiktas.tr\/index.php?rest_route=%2Fwp%2Fv2%2Fmedia&parent=12969"}],"wp:term":[{"taxonomy":"category","embeddable":true,"href":"https:\/\/haberbesiktas.tr\/index.php?rest_route=%2Fwp%2Fv2%2Fcategories&post=12969"},{"taxonomy":"post_tag","embeddable":true,"href":"https:\/\/haberbesiktas.tr\/index.php?rest_route=%2Fwp%2Fv2%2Ftags&post=12969"}],"curies":[{"name":"wp","href":"https:\/\/api.w.org\/{rel}","templated":true}]}}