{"id":12976,"date":"2025-03-01T06:12:06","date_gmt":"2025-03-01T06:12:06","guid":{"rendered":"https:\/\/haberbesiktas.tr\/?p=12976"},"modified":"2025-03-01T06:12:06","modified_gmt":"2025-03-01T06:12:06","slug":"ognjen-mimovic-icin-surpriz-mesaj","status":"publish","type":"post","link":"https:\/\/haberbesiktas.tr\/?p=12976","title":{"rendered":"Ognjen Mimovic i\u00e7in s\u00fcrpriz mesaj!"},"content":{"rendered":"<div>Fenerbah\u00e7e&#8217;nin yeni transferi Ognjen Mimovic i\u00e7in s\u00fcrpriz bir payla\u015f\u0131m geldi.<\/p>\n<p> G\u00f6khan G\u00f6n\u00fcl&#8217;\u00fcn e\u015fi Hatice G\u00f6n\u00fcl, e\u015fi \u00fczere Fenerbah\u00e7e&#8217;de 77 numaral\u0131 formay\u0131 giyecek Mimovic i\u00e7in yapt\u0131\u011f\u0131 payla\u015f\u0131mda, &#8220;<strong>77 denilince akla gelen tek isim vard\u0131r, dilerim baht getirir kendisine ve hakk\u0131n\u0131 verir forman\u0131n.&#8221;<\/strong> s\u00f6zlerini kulland\u0131.<\/p>\n<p> Hatice G\u00f6n\u00fcl&#8217;\u00fcn bu payla\u015f\u0131m\u0131 toplumsal medyada \u00e7ok say\u0131da be\u011feni ve yorum ald\u0131.<\/p>\n<p> <strong>4.5 YILLIK S\u00d6ZLE\u015eME<\/strong><\/p>\n<p> Fenerbah\u00e7e, K\u0131z\u0131ly\u0131ld\u0131z&#8217;dan 20 ya\u015f\u0131ndaki sa\u011f bek ile 4.5 y\u0131ll\u0131k kontrat imzaland\u0131\u011f\u0131n\u0131 a\u00e7\u0131klam\u0131\u015ft\u0131.<\/p>\n<p><\/div>\n","protected":false},"excerpt":{"rendered":"<p>G\u00f6khan G\u00f6n\u00fcl&#8217;\u00fcn e\u015fi Hatice G\u00f6n\u00fcl, Fenerbah\u00e7e&#8217;nin yeni transferi Ognjen Mimovic i\u00e7in bir payla\u015f\u0131mda bulundu.<\/p>\n","protected":false},"author":1,"featured_media":12977,"comment_status":"open","ping_status":"open","sticky":false,"template":"","format":"standard","meta":{"footnotes":""},"categories":[25],"tags":[],"class_list":["post-12976","post","type-post","status-publish","format-standard","has-post-thumbnail","hentry","category-futbol"],"_links":{"self":[{"href":"https:\/\/haberbesiktas.tr\/index.php?rest_route=\/wp\/v2\/posts\/12976","targetHints":{"allow":["GET"]}}],"collection":[{"href":"https:\/\/haberbesiktas.tr\/index.php?rest_route=\/wp\/v2\/posts"}],"about":[{"href":"https:\/\/haberbesiktas.tr\/index.php?rest_route=\/wp\/v2\/types\/post"}],"author":[{"embeddable":true,"href":"https:\/\/haberbesiktas.tr\/index.php?rest_route=\/wp\/v2\/users\/1"}],"replies":[{"embeddable":true,"href":"https:\/\/haberbesiktas.tr\/index.php?rest_route=%2Fwp%2Fv2%2Fcomments&post=12976"}],"version-history":[{"count":1,"href":"https:\/\/haberbesiktas.tr\/index.php?rest_route=\/wp\/v2\/posts\/12976\/revisions"}],"predecessor-version":[{"id":12978,"href":"https:\/\/haberbesiktas.tr\/index.php?rest_route=\/wp\/v2\/posts\/12976\/revisions\/12978"}],"wp:featuredmedia":[{"embeddable":true,"href":"https:\/\/haberbesiktas.tr\/index.php?rest_route=\/wp\/v2\/media\/12977"}],"wp:attachment":[{"href":"https:\/\/haberbesiktas.tr\/index.php?rest_route=%2Fwp%2Fv2%2Fmedia&parent=12976"}],"wp:term":[{"taxonomy":"category","embeddable":true,"href":"https:\/\/haberbesiktas.tr\/index.php?rest_route=%2Fwp%2Fv2%2Fcategories&post=12976"},{"taxonomy":"post_tag","embeddable":true,"href":"https:\/\/haberbesiktas.tr\/index.php?rest_route=%2Fwp%2Fv2%2Ftags&post=12976"}],"curies":[{"name":"wp","href":"https:\/\/api.w.org\/{rel}","templated":true}]}}