{"id":12979,"date":"2025-03-01T06:24:07","date_gmt":"2025-03-01T06:24:07","guid":{"rendered":"https:\/\/haberbesiktas.tr\/?p=12979"},"modified":"2025-03-01T06:24:07","modified_gmt":"2025-03-01T06:24:07","slug":"besiktasta-teknik-heyete-manudan-takviye","status":"publish","type":"post","link":"https:\/\/haberbesiktas.tr\/?p=12979","title":{"rendered":"Be\u015fikta\u015f&#8217;ta teknik heyete MANU&#8217;dan takviye!"},"content":{"rendered":"<div>Be\u015fikta\u015f Teknik Y\u00f6neticisi Ole Gunnar Solskjaer, teknik heyetine eski kadrosu Manchester United&#8217;dan destek yapmaya haz\u0131rlan\u0131yor.<\/p>\n<p> The Athletic&#8217;te yer alan habere nazaran, Manchester United&#8217;da performans analisti olarak misyon yapan Tom Green, Be\u015fikta\u015f&#8217;a kat\u0131lacak.<\/p>\n<p> Green&#8217;in Be\u015fikta\u015f&#8217;a da emsal bir rolle kat\u0131laca\u011f\u0131 fakat misyonunun daha \u00fcst seviye oldu\u011fu belirtildi.<\/p>\n<p> 2017 y\u0131l\u0131ndan bu yana Manchester United&#8217;da \u00e7al\u0131\u015fan Green, \u0130ngiliz grubunda Ole Gunnar Solskjaer ile birlikte de misyon yapm\u0131\u015ft\u0131.<\/p>\n<p> 33 ya\u015f\u0131ndaki Green, daha evvel; Stoke City, Burton Albion ve Derby \u00fczere kadrolarda \u00e7al\u0131\u015ft\u0131.<\/p>\n<\/div>\n","protected":false},"excerpt":{"rendered":"<p>Manchester United&#8217;da performans analisti olarak vazife yapan Tom Green, Be\u015fikta\u015f&#8217;ta Ole Gunnar Solskjaer&#8217;in grubuna kat\u0131lacak.<\/p>\n","protected":false},"author":1,"featured_media":12980,"comment_status":"open","ping_status":"open","sticky":false,"template":"","format":"standard","meta":{"footnotes":""},"categories":[25],"tags":[],"class_list":["post-12979","post","type-post","status-publish","format-standard","has-post-thumbnail","hentry","category-futbol"],"_links":{"self":[{"href":"https:\/\/haberbesiktas.tr\/index.php?rest_route=\/wp\/v2\/posts\/12979","targetHints":{"allow":["GET"]}}],"collection":[{"href":"https:\/\/haberbesiktas.tr\/index.php?rest_route=\/wp\/v2\/posts"}],"about":[{"href":"https:\/\/haberbesiktas.tr\/index.php?rest_route=\/wp\/v2\/types\/post"}],"author":[{"embeddable":true,"href":"https:\/\/haberbesiktas.tr\/index.php?rest_route=\/wp\/v2\/users\/1"}],"replies":[{"embeddable":true,"href":"https:\/\/haberbesiktas.tr\/index.php?rest_route=%2Fwp%2Fv2%2Fcomments&post=12979"}],"version-history":[{"count":1,"href":"https:\/\/haberbesiktas.tr\/index.php?rest_route=\/wp\/v2\/posts\/12979\/revisions"}],"predecessor-version":[{"id":12981,"href":"https:\/\/haberbesiktas.tr\/index.php?rest_route=\/wp\/v2\/posts\/12979\/revisions\/12981"}],"wp:featuredmedia":[{"embeddable":true,"href":"https:\/\/haberbesiktas.tr\/index.php?rest_route=\/wp\/v2\/media\/12980"}],"wp:attachment":[{"href":"https:\/\/haberbesiktas.tr\/index.php?rest_route=%2Fwp%2Fv2%2Fmedia&parent=12979"}],"wp:term":[{"taxonomy":"category","embeddable":true,"href":"https:\/\/haberbesiktas.tr\/index.php?rest_route=%2Fwp%2Fv2%2Fcategories&post=12979"},{"taxonomy":"post_tag","embeddable":true,"href":"https:\/\/haberbesiktas.tr\/index.php?rest_route=%2Fwp%2Fv2%2Ftags&post=12979"}],"curies":[{"name":"wp","href":"https:\/\/api.w.org\/{rel}","templated":true}]}}