{"id":12982,"date":"2025-03-01T06:36:06","date_gmt":"2025-03-01T06:36:06","guid":{"rendered":"https:\/\/haberbesiktas.tr\/?p=12982"},"modified":"2025-03-01T06:36:06","modified_gmt":"2025-03-01T06:36:06","slug":"besiktasa-transferde-rakip-cikti","status":"publish","type":"post","link":"https:\/\/haberbesiktas.tr\/?p=12982","title":{"rendered":"Be\u015fikta\u015f&#8217;a transferde rakip \u00e7\u0131kt\u0131!"},"content":{"rendered":"<div>\n<p>Ara transfer \u00e7al\u0131\u015fmalar\u0131na devam eden Be\u015fikta\u015f&#8217;a Portekiz&#8217;den rakip \u00e7\u0131kt\u0131.<\/p>\n<p> Di Marzio&#8217;nun haberine nazaran siyah beyazl\u0131lar\u0131n transfer g\u00fcndeminde Roma&#8217;n\u0131n gen\u00e7 sol bek oyuncusu Samuel Dahl&#8217;a, Portekiz Ligi tak\u0131mlar\u0131ndan Benfica&#8217;n\u0131n da talip oldu\u011fu ileri s\u00fcr\u00fcld\u00fc.<\/p>\n<p> <strong>P\u0130YASA KIYMET\u0130 4 M\u0130LYON EURO<\/strong><\/p>\n<p> 21 ya\u015f\u0131ndaki \u0130sve\u00e7li oyuncunun piyasa k\u0131ymeti 4 milyon Euro olarak g\u00f6steriliyor.<\/p>\n<p> \u00a0<\/p>\n<p> \u00a0<\/p>\n<p> \u00a0<\/p>\n<\/div>\n","protected":false},"excerpt":{"rendered":"<p>Be\u015fikta\u015f&#8217;\u0131n g\u00fcndeminde yer alan Roma&#8217;n\u0131n \u0130sve\u00e7li futbolcusu Samuel Dahl&#8217;a Benfica&#8217;n\u0131n da talip oldu\u011fu belirtildi.<\/p>\n","protected":false},"author":1,"featured_media":12983,"comment_status":"open","ping_status":"open","sticky":false,"template":"","format":"standard","meta":{"footnotes":""},"categories":[25],"tags":[],"class_list":["post-12982","post","type-post","status-publish","format-standard","has-post-thumbnail","hentry","category-futbol"],"_links":{"self":[{"href":"https:\/\/haberbesiktas.tr\/index.php?rest_route=\/wp\/v2\/posts\/12982","targetHints":{"allow":["GET"]}}],"collection":[{"href":"https:\/\/haberbesiktas.tr\/index.php?rest_route=\/wp\/v2\/posts"}],"about":[{"href":"https:\/\/haberbesiktas.tr\/index.php?rest_route=\/wp\/v2\/types\/post"}],"author":[{"embeddable":true,"href":"https:\/\/haberbesiktas.tr\/index.php?rest_route=\/wp\/v2\/users\/1"}],"replies":[{"embeddable":true,"href":"https:\/\/haberbesiktas.tr\/index.php?rest_route=%2Fwp%2Fv2%2Fcomments&post=12982"}],"version-history":[{"count":1,"href":"https:\/\/haberbesiktas.tr\/index.php?rest_route=\/wp\/v2\/posts\/12982\/revisions"}],"predecessor-version":[{"id":12984,"href":"https:\/\/haberbesiktas.tr\/index.php?rest_route=\/wp\/v2\/posts\/12982\/revisions\/12984"}],"wp:featuredmedia":[{"embeddable":true,"href":"https:\/\/haberbesiktas.tr\/index.php?rest_route=\/wp\/v2\/media\/12983"}],"wp:attachment":[{"href":"https:\/\/haberbesiktas.tr\/index.php?rest_route=%2Fwp%2Fv2%2Fmedia&parent=12982"}],"wp:term":[{"taxonomy":"category","embeddable":true,"href":"https:\/\/haberbesiktas.tr\/index.php?rest_route=%2Fwp%2Fv2%2Fcategories&post=12982"},{"taxonomy":"post_tag","embeddable":true,"href":"https:\/\/haberbesiktas.tr\/index.php?rest_route=%2Fwp%2Fv2%2Ftags&post=12982"}],"curies":[{"name":"wp","href":"https:\/\/api.w.org\/{rel}","templated":true}]}}