{"id":12985,"date":"2025-03-01T06:48:06","date_gmt":"2025-03-01T06:48:06","guid":{"rendered":"https:\/\/haberbesiktas.tr\/?p=12985"},"modified":"2025-03-01T06:48:06","modified_gmt":"2025-03-01T06:48:06","slug":"thomas-reis-maglubiyet-bizim-icin-hayal-kirikligi-oldu","status":"publish","type":"post","link":"https:\/\/haberbesiktas.tr\/?p=12985","title":{"rendered":"Thomas Reis: &#8220;Ma\u011flubiyet bizim i\u00e7in hayal k\u0131r\u0131kl\u0131\u011f\u0131 oldu&#8221;"},"content":{"rendered":"<div>\n<p>Trendyol Muhte\u015fem Lig&#8217;in 22. haftas\u0131nda konuk oldu\u011fu RAMS Ba\u015fak\u015fehir&#8217;e 4-0 ma\u011flup olan Reeder Samsunspor&#8217;un teknik y\u00f6neticisi Thomas Reis, m\u00fcsabakada kolay goller yediklerini s\u00f6yledi.<\/p>\n<p> Thomas Reis, kar\u015f\u0131la\u015fman\u0131n akabinde Ba\u015fak\u015fehir Fatih Terim Stad\u0131&#8217;nda bas\u0131n mensuplar\u0131na a\u00e7\u0131klamalarda bulundu.\u00a0<\/p>\n<p> RAMS Ba\u015fak\u015fehir&#8217;i tebrik ederek kelamlar\u0131na ba\u015flayan Thomas Reis, <strong>&#8220;Biz, bug\u00fcn \u00e7ok ho\u015f ders ald\u0131k. \u0130stedi\u011fimiz performans\u0131 g\u00f6steremedik. Yeteri kadar \u00e7aba edemedik ve paslar\u0131m\u0131z yeterli de\u011fildi. Topla oynad\u0131\u011f\u0131m\u0131z k\u0131s\u0131mda uygun de\u011fildik. Kolay goller yedik. Bu yenilgiden alaca\u011f\u0131m\u0131z dersler olacakt\u0131r. Her ma\u00e7ta y\u00fczde y\u00fcz\u00fcm\u00fcz\u00fc vermeliyiz. Yoksa kaliteli gruplara kar\u015f\u0131 sorun ya\u015far\u0131z. Bu yenilgiden dolay\u0131 hayal k\u0131r\u0131kl\u0131\u011f\u0131na u\u011frad\u0131m. Birinci yar\u0131 \u00fcz\u00fcc\u00fc oynamad\u0131k, yaln\u0131zca bir durum verdik o da kornerden yedi\u011fimiz gold\u00fc. Bu yenilgiden ders \u00e7\u0131karaca\u011f\u0131z ve sonraki ma\u00e7ta daha \u00e2l\u00e2 olaca\u011f\u0131z.&#8221;<\/strong> tabirlerini kulland\u0131.\u00a0<\/p>\n<p> <strong>&#8211; &#8220;\u0130yi bir tak\u0131m\u0131m var&#8221;<\/strong><\/p>\n<p> <strong><em>Ligde kalmay\u0131 garantiledikleri i\u00e7in rehavete girmediklerini belirten Reis, kelamlar\u0131n\u0131 \u015f\u00f6yle s\u00fcrd\u00fcrd\u00fc:\u00a0<\/em><\/strong><\/p>\n<p> &#8220;Ligde ikinci yar\u0131n\u0131n daha kuvvetli ge\u00e7ece\u011fini daha evvel s\u00f6ylemi\u015ftim. Rakibimiz de kaliteli bir ekip. Her ma\u00e7 oldu\u011fu \u00fczere y\u00fczde y\u00fcz\u00fcm\u00fcz\u00fc alana koymal\u0131yd\u0131k. Bug\u00fcn alanda yoktuk demek istemiyorum fakat yenilgi bizim i\u00e7in hayal k\u0131r\u0131kl\u0131\u011f\u0131 oldu. Umar\u0131m bu yenilgi bizim g\u00f6z\u00fcm\u00fcz\u00fc a\u00e7ar ve ba\u015f\u0131m\u0131z\u0131 tekrar kald\u0131r\u0131r\u0131z. Hatayspor ma\u00e7\u0131 i\u00e7in haz\u0131rl\u0131klar\u0131m\u0131z\u0131 s\u00fcrd\u00fcrece\u011fiz. Yeterli bir ekibim var. Tak\u0131m\u0131m\u0131z pek \u00e2l\u00e2. Bug\u00fcn iki k\u0131ymetli oyuncumuz yoktu. Emre K\u0131l\u0131n\u00e7 ve Landry Dimatta&#8217;dan yoksun kald\u0131k. Son ma\u00e7larda g\u00fczel performans g\u00f6stermi\u015flerdi. Forma sava\u015f\u0131, son haftalarda k\u0131z\u0131\u015ft\u0131. \u0130dmanlarda bu forma sava\u015f\u0131n\u0131 g\u00f6r\u00fcyoruz. Bu hafta yapaca\u011f\u0131m\u0131z idmanlarda \u00f6n\u00fcm\u00fczdeki ma\u00e7\u0131n 11&#8217;ini belirleyece\u011fiz.&#8221;\u00a0<\/p>\n<p> M\u00fcsabakada sol taraftan kolay goller yediklerini vurgulayan Alman teknik adam, <strong>&#8220;Ne yaz\u0131k ki \u00e7ok fazla adam ka\u00e7\u0131rd\u0131k ve onlar\u0131 takip edemedik. Adam takibi yapmazsan\u0131z merkezden de gol yiyebilirsiniz. RAMS Ba\u015fak\u015fehir&#8217;in kaliteli oyuncular\u0131 var. Forvetleri de \u00e7ok g\u00fc\u00e7l\u00fc ve tesirli. Bu \u00e7e\u015fit oyuncular\u0131 savunmak kolay olmuyor. Rakibimizin uzun top oynayaca\u011f\u0131n\u0131 biliyorduk. Biz de bu uzun toplarda ikinci toplar\u0131 kazanmay\u0131 planlam\u0131\u015ft\u0131k. \u00c7ok bo\u015f alan verdik ve atak oyuncular\u0131n\u0131 takip etmedik. Performans\u0131m\u0131z genel manas\u0131yla uygun de\u011fildi. Tahminen 2-3 oyuncumuzu farkl\u0131 tutabilirim lakin puan almak i\u00e7in yeteri kadar \u00e2l\u00e2 oynamad\u0131k.&#8221;<\/strong> formunda konu\u015ftu.<\/p>\n<\/div>\n","protected":false},"excerpt":{"rendered":"<p>Reeder Samsunspor Teknik Y\u00f6neticisi Thomas Reis, deplasmanda  Ba\u015fak\u015fehir&#8217;e 4-0 ma\u011flup olduklar\u0131 ma\u00e7\u0131n akabinde a\u00e7\u0131klamalarda bulundu.<\/p>\n","protected":false},"author":1,"featured_media":12986,"comment_status":"open","ping_status":"open","sticky":false,"template":"","format":"standard","meta":{"footnotes":""},"categories":[25],"tags":[77,50,1386],"class_list":["post-12985","post","type-post","status-publish","format-standard","has-post-thumbnail","hentry","category-futbol","tag-gol","tag-mac","tag-maglubiyet"],"_links":{"self":[{"href":"https:\/\/haberbesiktas.tr\/index.php?rest_route=\/wp\/v2\/posts\/12985","targetHints":{"allow":["GET"]}}],"collection":[{"href":"https:\/\/haberbesiktas.tr\/index.php?rest_route=\/wp\/v2\/posts"}],"about":[{"href":"https:\/\/haberbesiktas.tr\/index.php?rest_route=\/wp\/v2\/types\/post"}],"author":[{"embeddable":true,"href":"https:\/\/haberbesiktas.tr\/index.php?rest_route=\/wp\/v2\/users\/1"}],"replies":[{"embeddable":true,"href":"https:\/\/haberbesiktas.tr\/index.php?rest_route=%2Fwp%2Fv2%2Fcomments&post=12985"}],"version-history":[{"count":1,"href":"https:\/\/haberbesiktas.tr\/index.php?rest_route=\/wp\/v2\/posts\/12985\/revisions"}],"predecessor-version":[{"id":12987,"href":"https:\/\/haberbesiktas.tr\/index.php?rest_route=\/wp\/v2\/posts\/12985\/revisions\/12987"}],"wp:featuredmedia":[{"embeddable":true,"href":"https:\/\/haberbesiktas.tr\/index.php?rest_route=\/wp\/v2\/media\/12986"}],"wp:attachment":[{"href":"https:\/\/haberbesiktas.tr\/index.php?rest_route=%2Fwp%2Fv2%2Fmedia&parent=12985"}],"wp:term":[{"taxonomy":"category","embeddable":true,"href":"https:\/\/haberbesiktas.tr\/index.php?rest_route=%2Fwp%2Fv2%2Fcategories&post=12985"},{"taxonomy":"post_tag","embeddable":true,"href":"https:\/\/haberbesiktas.tr\/index.php?rest_route=%2Fwp%2Fv2%2Ftags&post=12985"}],"curies":[{"name":"wp","href":"https:\/\/api.w.org\/{rel}","templated":true}]}}