{"id":13054,"date":"2025-03-01T12:48:07","date_gmt":"2025-03-01T12:48:07","guid":{"rendered":"https:\/\/haberbesiktas.tr\/?p=13054"},"modified":"2025-03-01T12:48:07","modified_gmt":"2025-03-01T12:48:07","slug":"galatasaray-alvaro-moratayi-kapa-bildirdi","status":"publish","type":"post","link":"https:\/\/haberbesiktas.tr\/?p=13054","title":{"rendered":"Galatasaray, Alvaro Morata&#8217;y\u0131 KAP&#8217;a bildirdi"},"content":{"rendered":"<div>Galatasaray, Alvaro Morata&#8217;n\u0131n transferi i\u00e7in Milan ile g\u00f6r\u00fc\u015fmelere ba\u015fland\u0131\u011f\u0131n\u0131 a\u00e7\u0131klad\u0131.<\/p>\n<p>Kul\u00fcpten yap\u0131lan a\u00e7\u0131klamada, &#8220;<span><span>Profesyonel Futbolcu Alvaro Borja Morata Martin&#8217;in s\u00fcreksiz transferi konusunda futbolcu ve kul\u00fcb\u00fc AC Milan SPA ile resmi g\u00f6r\u00fc\u015fmelere ba\u015flanm\u0131\u015ft\u0131r.&#8221; s\u00f6zleri kullan\u0131ld\u0131.<br \/><\/span><\/span> <strong>1.5 YILLIK ANLA\u015eMA<\/strong><\/p>\n<p> Sar\u0131-k\u0131rm\u0131z\u0131l\u0131lar, Milan ve \u0130spanyol futbolcu ile 1.5 y\u0131ll\u0131k muahede sa\u011flad\u0131. 32 ya\u015f\u0131ndaki futbolcunun Galatasaray&#8217;a maliyeti de muhakkak oldu. Haluk Y\u00fcrekli&#8217;nin haberine nazaran, Galatasaray, Alvaro Morata&#8217;ya d\u00f6nem sonuna kadar 4 milyon euro \u00f6deyecek. \u0130spanyol futbolcuya gelecek d\u00f6nem ise 8 milyon euro maa\u015f verilecek.<\/p>\n<p> <strong>MILAN&#8217;A \u00d6DENECEK RAKAM<\/strong><\/p>\n<p>Galatasaray, Milan&#8217;a ise toplamda 6 milyon euro&#8217;luk bir kiralama bedeli \u00f6deyecek. Sar\u0131-k\u0131rm\u0131z\u0131l\u0131lar, \u0130talyan tak\u0131m\u0131na bu d\u00f6nem i\u00e7in 2 milyon euro, gelecek d\u00f6nem i\u00e7in 4 milyon euro verecek.<\/p>\n<p> <strong>\u0130STANBUL&#8217;A GEL\u0130YOR<\/strong><\/p>\n<p>Alvaro Morata, resmi olarak Galatasaray&#8217;a imza att\u0131. \u0130spanyol futbolcu i\u00e7in cumartesi ak\u015fam\u0131 u\u00e7u\u015f planland\u0131 lakin bu u\u00e7u\u015f hava kaideleri nedeniyle iptal oldu. Morata i\u00e7in pazar g\u00fcn\u00fc saat 14.00&#8217;te yeni bir u\u00e7u\u015f planland\u0131. Golc\u00fc futbolcunun pazar g\u00fcn\u00fc \u00f6\u011flden sonra \u0130stanbul&#8217;a gelmesi bekleniyor.<\/p>\n<p> <strong>BU D\u00d6NEM PERFORMANSI<\/strong><\/p>\n<p>Bu d\u00f6nemin ba\u015f\u0131nda 13 milyon Euro&#8217;ya Milan&#8217;a transfer olan 32 ya\u015f\u0131ndaki \u0130spanyol golc\u00fc oyuncu 25 ma\u00e7a \u00e7\u0131kt\u0131, 6 gol ve 2 asistlik katk\u0131 sa\u011flad\u0131.<\/p>\n<\/div>\n","protected":false},"excerpt":{"rendered":"<p>Galatasaray, Alvaro Morata&#8217;n\u0131n transferi i\u00e7in Milan ile g\u00f6r\u00fc\u015fmelere ba\u015fland\u0131\u011f\u0131n\u0131 a\u00e7\u0131klad\u0131.<\/p>\n","protected":false},"author":1,"featured_media":13055,"comment_status":"open","ping_status":"open","sticky":false,"template":"","format":"standard","meta":{"footnotes":""},"categories":[25],"tags":[485,645,131,1329,57],"class_list":["post-13054","post","type-post","status-publish","format-standard","has-post-thumbnail","hentry","category-futbol","tag-futbolcu","tag-milan","tag-milyon-euro","tag-morata","tag-sezon"],"_links":{"self":[{"href":"https:\/\/haberbesiktas.tr\/index.php?rest_route=\/wp\/v2\/posts\/13054","targetHints":{"allow":["GET"]}}],"collection":[{"href":"https:\/\/haberbesiktas.tr\/index.php?rest_route=\/wp\/v2\/posts"}],"about":[{"href":"https:\/\/haberbesiktas.tr\/index.php?rest_route=\/wp\/v2\/types\/post"}],"author":[{"embeddable":true,"href":"https:\/\/haberbesiktas.tr\/index.php?rest_route=\/wp\/v2\/users\/1"}],"replies":[{"embeddable":true,"href":"https:\/\/haberbesiktas.tr\/index.php?rest_route=%2Fwp%2Fv2%2Fcomments&post=13054"}],"version-history":[{"count":1,"href":"https:\/\/haberbesiktas.tr\/index.php?rest_route=\/wp\/v2\/posts\/13054\/revisions"}],"predecessor-version":[{"id":13056,"href":"https:\/\/haberbesiktas.tr\/index.php?rest_route=\/wp\/v2\/posts\/13054\/revisions\/13056"}],"wp:featuredmedia":[{"embeddable":true,"href":"https:\/\/haberbesiktas.tr\/index.php?rest_route=\/wp\/v2\/media\/13055"}],"wp:attachment":[{"href":"https:\/\/haberbesiktas.tr\/index.php?rest_route=%2Fwp%2Fv2%2Fmedia&parent=13054"}],"wp:term":[{"taxonomy":"category","embeddable":true,"href":"https:\/\/haberbesiktas.tr\/index.php?rest_route=%2Fwp%2Fv2%2Fcategories&post=13054"},{"taxonomy":"post_tag","embeddable":true,"href":"https:\/\/haberbesiktas.tr\/index.php?rest_route=%2Fwp%2Fv2%2Ftags&post=13054"}],"curies":[{"name":"wp","href":"https:\/\/api.w.org\/{rel}","templated":true}]}}