{"id":13066,"date":"2025-03-01T13:36:07","date_gmt":"2025-03-01T13:36:07","guid":{"rendered":"https:\/\/haberbesiktas.tr\/?p=13066"},"modified":"2025-03-01T13:36:07","modified_gmt":"2025-03-01T13:36:07","slug":"baris-alper-yilmaz-galatasaray-ile-sozlesmesini-uzatti","status":"publish","type":"post","link":"https:\/\/haberbesiktas.tr\/?p=13066","title":{"rendered":"Bar\u0131\u015f Alper Y\u0131lmaz, Galatasaray ile s\u00f6zle\u015fmesini uzatt\u0131"},"content":{"rendered":"<div>Transfer \u00e7al\u0131\u015fmalar\u0131n\u0131 s\u00fcrd\u00fcren Galatasaray&#8217;da i\u00e7 transferde de hareketli g\u00fcnler ya\u015fan\u0131yor.<\/p>\n<p><strong>S\u00d6ZLE\u015eMES\u0130 UZATILDI<\/strong><\/p>\n<p>Ya\u011f\u0131z Sabuncuo\u011flu&#8217;nun haberine nazaran;\u00a0<span><span>Galatasaray, Bar\u0131\u015f Alper Y\u0131lmaz ile olan mukavelesini 2028&#8217;e dek uzatt\u0131 ve oyuncunun maa\u015f\u0131na art\u0131r\u0131m yap\u0131ld\u0131.<\/p>\n<p>Habere nazaran; Galatasaray&#8217;\u0131n k\u0131sa m\u00fchlet i\u00e7inde Bar\u0131\u015f Alper Y\u0131lmaz ile yap\u0131lan muahedeyi KAP&#8217;a bildirmesi bekleniyor.<\/p>\n<p><strong>YEN\u0130 MAA\u015eI NE KADAR OLACAK?<\/strong><\/p>\n<p><span>Galatasaray&#8217;da Bar\u0131\u015f Alper Y\u0131lmaz&#8217;\u0131n maa\u015f\u0131n\u0131n 2 milyon Euro&#8217;ya civar\u0131na denk gelen 74 milyon TL d\u00fczeyine \u00e7ekmeyi planl\u0131yor.<\/span><\/p>\n<p>Bu d\u00f6nem Galatasaray formas\u0131 ile 31 resmi ma\u00e7a \u00e7\u0131kan ulusal futbolcu, bu ma\u00e7larda 11 gol 2 asistlik performans g\u00f6sterdi.<\/p>\n<p><\/span><\/span> <\/p>\n<div>\u00a0<\/div>\n<\/div>\n","protected":false},"excerpt":{"rendered":"<p>Galatasaray, Bar\u0131\u015f Alper Y\u0131lmaz ile olan mukavelesini 2028&#8217;e dek uzatt\u0131.<\/p>\n","protected":false},"author":1,"featured_media":13067,"comment_status":"open","ping_status":"open","sticky":false,"template":"","format":"standard","meta":{"footnotes":""},"categories":[25],"tags":[129],"class_list":["post-13066","post","type-post","status-publish","format-standard","has-post-thumbnail","hentry","category-futbol","tag-galatasaray"],"_links":{"self":[{"href":"https:\/\/haberbesiktas.tr\/index.php?rest_route=\/wp\/v2\/posts\/13066","targetHints":{"allow":["GET"]}}],"collection":[{"href":"https:\/\/haberbesiktas.tr\/index.php?rest_route=\/wp\/v2\/posts"}],"about":[{"href":"https:\/\/haberbesiktas.tr\/index.php?rest_route=\/wp\/v2\/types\/post"}],"author":[{"embeddable":true,"href":"https:\/\/haberbesiktas.tr\/index.php?rest_route=\/wp\/v2\/users\/1"}],"replies":[{"embeddable":true,"href":"https:\/\/haberbesiktas.tr\/index.php?rest_route=%2Fwp%2Fv2%2Fcomments&post=13066"}],"version-history":[{"count":1,"href":"https:\/\/haberbesiktas.tr\/index.php?rest_route=\/wp\/v2\/posts\/13066\/revisions"}],"predecessor-version":[{"id":13068,"href":"https:\/\/haberbesiktas.tr\/index.php?rest_route=\/wp\/v2\/posts\/13066\/revisions\/13068"}],"wp:featuredmedia":[{"embeddable":true,"href":"https:\/\/haberbesiktas.tr\/index.php?rest_route=\/wp\/v2\/media\/13067"}],"wp:attachment":[{"href":"https:\/\/haberbesiktas.tr\/index.php?rest_route=%2Fwp%2Fv2%2Fmedia&parent=13066"}],"wp:term":[{"taxonomy":"category","embeddable":true,"href":"https:\/\/haberbesiktas.tr\/index.php?rest_route=%2Fwp%2Fv2%2Fcategories&post=13066"},{"taxonomy":"post_tag","embeddable":true,"href":"https:\/\/haberbesiktas.tr\/index.php?rest_route=%2Fwp%2Fv2%2Ftags&post=13066"}],"curies":[{"name":"wp","href":"https:\/\/api.w.org\/{rel}","templated":true}]}}