{"id":13100,"date":"2025-03-01T16:24:05","date_gmt":"2025-03-01T16:24:05","guid":{"rendered":"https:\/\/haberbesiktas.tr\/?p=13100"},"modified":"2025-03-01T16:24:05","modified_gmt":"2025-03-01T16:24:05","slug":"snowboardda-test-kayakciligindan-milli-sporculuga","status":"publish","type":"post","link":"https:\/\/haberbesiktas.tr\/?p=13100","title":{"rendered":"Snowboardda &#8220;test kayak\u00e7\u0131l\u0131\u011f\u0131ndan&#8221; milli sporculu\u011fa"},"content":{"rendered":"<p>\u00d6mer Faruk Delikta\u015f, 8 ya\u015f\u0131nda test kayak\u00e7\u0131s\u0131 (pist a\u00e7\u0131c\u0131) ba\u015flad\u0131\u011f\u0131 snowboardda ulusal sporculu\u011fa kadar y\u00fckselmeyi ba\u015fard\u0131.<\/p>\n<p> AA&#8217;n\u0131n &#8220;Snowboard Y\u0131ld\u0131zlar\u0131&#8221; ba\u015fl\u0131kl\u0131 evrak haberinin \u00fc\u00e7\u00fcnc\u00fc ve son k\u0131sm\u0131nda \u00d6mer Faruk Delikta\u015f&#8217;\u0131n pist a\u00e7\u0131c\u0131l\u0131\u011f\u0131ndan ulusal sporculu\u011fa ula\u015ft\u0131\u011f\u0131 muvaffakiyet k\u0131ssas\u0131 anlat\u0131ld\u0131.<\/p>\n<p> Kayseri&#8217;de babas\u0131yla Erciyes Kayak Merkezi&#8217;ne e\u011flenmek i\u00e7in kayak yapmaya giden Delikta\u015f, bir antren\u00f6r\u00fcn yetene\u011fini fark edip spora davet etmesiyle profesyonel snowboard \u00f6\u011frenmeye karar verdi.\u00a0<\/p>\n<p> E\u011fitimler sonras\u0131nda birinci olarak yar\u0131\u015flar\u0131n ba\u015flang\u0131\u00e7 ve biti\u015f sistemlerinin d\u00fczg\u00fcn \u00e7al\u0131\u015f\u0131p \u00e7al\u0131\u015fmad\u0131\u011f\u0131n\u0131 denetim eden &#8220;test kayak\u00e7\u0131s\u0131&#8221; vazifesiyle snowboarda ba\u015flayan Delikta\u015f, 2 y\u0131l sonra sportmen olarak piste \u00e7\u0131kt\u0131.<\/p>\n<p> Paland\u00f6ken Kayak Merkezi&#8217;nde 2020&#8217;de d\u00fczenlenen Snowboard T\u00fcrkiye \u015eampiyonas\u0131&#8217;nda 11 ya\u015f alt\u0131 kategoride ikincilik elde eden Delikta\u015f, 3 y\u0131l sonra Erciyes Kayak Merkezi&#8217;ndeki T\u00fcrkiye \u015fampiyonas\u0131nda birinci oldu.\u00a0<\/p>\n<p> <strong>&#8211; Gaye milletleraras\u0131 tertiplerde ba\u015far\u0131<\/strong><\/p>\n<p> Ulusal atlet se\u00e7melerinde ba\u015far\u0131l\u0131 olan 15 ya\u015f\u0131ndaki Delikta\u015f, milletleraras\u0131 tertiplerde derece elde etme gayesiyle s\u0131k\u0131 \u00e7al\u0131\u015f\u0131yor.\u00a0<\/p>\n<p> Erzurum&#8217;da 6-12 Ocak tarihlerinde d\u00fczenlenen K\u0131\u015f Oyunlar\u0131&#8217;na kat\u0131lan \u00d6mer Faruk Delikta\u015f, AA muhabirine, ulusal ekibe se\u00e7ildi\u011fi i\u00e7in gururland\u0131\u011f\u0131n\u0131 s\u00f6yledi.<\/p>\n<p> T\u00fcrkiye&#8217;yi en g\u00fczel halde temsil etmek istedi\u011fini vurgulayan Delikta\u015f, \u015f\u00f6yle devam etti:<\/p>\n<p> &#8220;Babam sportmendi annemle \u00e7ok dayanak verdiler, hocamla \u00f6n\u00fcm\u00fc a\u00e7t\u0131lar. 15 ya\u015f alt\u0131 kategorisinde yar\u0131\u015f\u0131yorum ve ikinci y\u0131l\u0131m. Ge\u00e7en sene aral\u0131kta ulusal kadroya se\u00e7ildim. \u0130n\u015fallah ilerleyen periyotlarda \u00fclkemi di\u011fer \u00fclkelerde temsil etmeyi planl\u0131yorum. Profesyonel olarak 5 y\u0131ld\u0131r yar\u0131\u015f\u0131yorum.&#8221;<\/p>\n<p> <strong>&#8211; Antren\u00f6r\u00fc \u00d6mer Faruk&#8217;a inan\u0131yor<\/strong><\/p>\n<p> Snowboard Ulusal Kadro Ba\u015fantren\u00f6r\u00fc Serdar \u00d6zger de Delikta\u015f&#8217;\u0131n gelecek vadeden atletlerden oldu\u011funu anlatt\u0131.<\/p>\n<p> \u00d6mer Faruk&#8217;un &#8220;iyi yerlere&#8221; gelece\u011fine inand\u0131\u011f\u0131n\u0131 lisana getiren \u00d6zger, \u015fu de\u011ferlendirmeyi yapt\u0131:\u00a0<\/p>\n<p> &#8220;\u0130mkan olursa bu sene milletleraras\u0131 platformlardaki yar\u0131\u015flara g\u00f6t\u00fcrmeyi d\u00fc\u015f\u00fcn\u00fcyoruz. \u00d6mer, \u015fu an kendisine a\u011fabeylik yapanlar\u0131 ge\u00e7tik\u00e7e, onlar\u0131n yerine gelmeye ba\u015flayacak. Akabinde memleketler aras\u0131 yar\u0131\u015flarda muvaffakiyet g\u00f6sterece\u011fine inan\u0131yorum. Birinci ba\u015fta FIS (Uluslararas\u0131 Kayak ve Snowboard Federasyonu) yar\u0131\u015flar\u0131n\u0131 hedefliyoruz, daha sonra Europe Cup, akabinde World Cup ve olimpiyat, gayelerimiz bunlar.&#8221;<\/p>\n<p> \u00a0<\/p>\n","protected":false},"excerpt":{"rendered":"<p>Kayseri&#8217;de yar\u0131\u015flar\u0131n ba\u015flang\u0131\u00e7 ve biti\u015f sistemlerini denetim eden &#8220;test kayak\u00e7\u0131s\u0131&#8221; olarak 8 ya\u015f\u0131nda snowboarda ba\u015flayan \u00d6mer Faruk Delikta\u015f, ulusal kadroyla milletleraras\u0131 muvaffakiyetler elde etmek istiyor.<\/p>\n","protected":false},"author":1,"featured_media":13101,"comment_status":"open","ping_status":"open","sticky":false,"template":"","format":"standard","meta":{"footnotes":""},"categories":[27],"tags":[80,270,1372,782,1393],"class_list":["post-13100","post","type-post","status-publish","format-standard","has-post-thumbnail","hentry","category-guncel-haberler","tag-kayak","tag-milli","tag-snowboard","tag-sporcu","tag-uluslararasi"],"_links":{"self":[{"href":"https:\/\/haberbesiktas.tr\/index.php?rest_route=\/wp\/v2\/posts\/13100","targetHints":{"allow":["GET"]}}],"collection":[{"href":"https:\/\/haberbesiktas.tr\/index.php?rest_route=\/wp\/v2\/posts"}],"about":[{"href":"https:\/\/haberbesiktas.tr\/index.php?rest_route=\/wp\/v2\/types\/post"}],"author":[{"embeddable":true,"href":"https:\/\/haberbesiktas.tr\/index.php?rest_route=\/wp\/v2\/users\/1"}],"replies":[{"embeddable":true,"href":"https:\/\/haberbesiktas.tr\/index.php?rest_route=%2Fwp%2Fv2%2Fcomments&post=13100"}],"version-history":[{"count":1,"href":"https:\/\/haberbesiktas.tr\/index.php?rest_route=\/wp\/v2\/posts\/13100\/revisions"}],"predecessor-version":[{"id":13102,"href":"https:\/\/haberbesiktas.tr\/index.php?rest_route=\/wp\/v2\/posts\/13100\/revisions\/13102"}],"wp:featuredmedia":[{"embeddable":true,"href":"https:\/\/haberbesiktas.tr\/index.php?rest_route=\/wp\/v2\/media\/13101"}],"wp:attachment":[{"href":"https:\/\/haberbesiktas.tr\/index.php?rest_route=%2Fwp%2Fv2%2Fmedia&parent=13100"}],"wp:term":[{"taxonomy":"category","embeddable":true,"href":"https:\/\/haberbesiktas.tr\/index.php?rest_route=%2Fwp%2Fv2%2Fcategories&post=13100"},{"taxonomy":"post_tag","embeddable":true,"href":"https:\/\/haberbesiktas.tr\/index.php?rest_route=%2Fwp%2Fv2%2Ftags&post=13100"}],"curies":[{"name":"wp","href":"https:\/\/api.w.org\/{rel}","templated":true}]}}