{"id":13103,"date":"2025-03-01T16:36:06","date_gmt":"2025-03-01T16:36:06","guid":{"rendered":"https:\/\/haberbesiktas.tr\/?p=13103"},"modified":"2025-03-01T16:36:06","modified_gmt":"2025-03-01T16:36:06","slug":"korkusunu-asti-sampiyonluga-yuzdu","status":"publish","type":"post","link":"https:\/\/haberbesiktas.tr\/?p=13103","title":{"rendered":"Korkusunu a\u015ft\u0131, \u015fampiyonlu\u011fa y\u00fczd\u00fc!"},"content":{"rendered":"<p>Elaz\u0131\u011f&#8217;da bo\u011fulma tehlikesi ge\u00e7iren 10 ya\u015f\u0131ndaki Huzeyfe Berat Geceku\u015fu, su korkusunu yenmek i\u00e7in ba\u015flad\u0131\u011f\u0131 y\u00fczmede \u015fampiyonluklar elde etti.<\/p>\n<p> \u015eehit Ragip Soylu Co\u015fkun Ortaokulu&#8217;nda okuyan 10 ya\u015f\u0131ndaki Berat Geceku\u015fu, bo\u011fulma tehlikesi ge\u00e7irdi\u011fi i\u00e7in su korkusunu yenmesi i\u00e7in y\u00fczme sporuna 2 y\u0131l evvel annesi Sema Geceku\u015fu&#8217;nun y\u00f6nlendirmesiyle ba\u015flad\u0131.<\/p>\n<p> Berat Geceku\u015fu, antren\u00f6rleri Meltem Karaca ve Mehmet M\u00fcnir Tan&#8217;\u0131n yetene\u011fini fark etmesi \u00fczerine performans k\u00fcmelerinde \u00e7al\u0131\u015fmaya ba\u015flad\u0131.<\/p>\n<p> K\u0131sa m\u00fcddette kendini geli\u015ftiren Elaz\u0131\u011f Gen\u00e7lik ve Spor Kul\u00fcb\u00fc sportmeni Huzeyfe Berat, 2 y\u0131l i\u00e7inde b\u00f6lgesel olarak kat\u0131ld\u0131\u011f\u0131 yar\u0131\u015flarda 20 madalya, ge\u00e7en y\u0131l \u015fubat ay\u0131nda \u0130stanbul&#8217;da d\u00fczenlenen Paletli Y\u00fczme Ferdi K\u0131\u015f \u015eampiyonas\u0131&#8217;nda g\u00fcm\u00fc\u015f ve bronz madalya kazand\u0131.\u00a0<\/p>\n<p> \u00c7ok istedi\u011fi T\u00fcrkiye \u015fampiyonlu\u011fu i\u00e7in idman yapan Huzeyfe Berat Geceku\u015fu, bu y\u0131l 8-12 Ocak&#8217;ta Bal\u0131kesir&#8217;de yap\u0131lan Paletli Y\u00fczme Kul\u00fcpler Ortas\u0131 Gen\u00e7ler T\u00fcrkiye \u015eampiyonas\u0131 ve K\u0131\u015f Kupas\u0131-Milli Ekip Se\u00e7meleri&#8217;nde 50, 100 ve 200 metre su\u00fcst\u00fc kategorisinde birinci oldu.<\/p>\n<p> Hayali olan ulusal forma i\u00e7in \u00e7al\u0131\u015fmalar\u0131n\u0131 s\u00fcrd\u00fcren Huzeyfe Berat, 14 ya\u015f\u0131nda gen\u00e7 ulusal kadroya girebilmek i\u00e7in haftan\u0131n 6 g\u00fcn\u00fc, g\u00fcnde 2 saat idman yap\u0131yor.\u00a0<\/p>\n<p> <strong>&#8211; &#8220;Tek maksad\u0131m su korkusunu yenmekti&#8221;<\/strong><\/p>\n<p> Huzeyfe Berat Geceku\u015fu, AA muhabirine, su korkusunu yenmek i\u00e7in ba\u015flad\u0131\u011f\u0131 y\u00fczme sporunun kendisi i\u00e7in bir hayat bi\u00e7imine d\u00f6n\u00fc\u015ft\u00fc\u011f\u00fcn\u00fc s\u00f6yledi.\u00a0<\/p>\n<p> Su kayd\u0131ra\u011f\u0131nda kayd\u0131\u011f\u0131 s\u0131rada bo\u011fulma tehlikesi ge\u00e7irdi\u011fini ve suya yakla\u015fmad\u0131\u011f\u0131n\u0131 tabir eden Huzeyfe Berat,<strong> &#8220;Annemin y\u00f6nlendirmesiyle havuza geldim. Antren\u00f6rlerimin sayesinde y\u00fczmeyi \u00f6\u011frendim. Tek maksad\u0131m su korkusunu yenmekti. Antren\u00f6rlerimin sayesinde sporu benimsedim. Arkada\u015flar\u0131m\u0131n derece ald\u0131\u011f\u0131n\u0131 g\u00f6r\u00fcnce &#8216;Ben de yapabilirim&#8217; dedim.&#8221;<\/strong> diye konu\u015ftu.<\/p>\n<p> Kat\u0131ld\u0131\u011f\u0131 b\u00f6lgesel yar\u0131\u015flarda ald\u0131\u011f\u0131 derecelerin kendisini daha da h\u0131rsland\u0131rd\u0131\u011f\u0131 anlatan Geceku\u015fu, koydu\u011fu maksatlar i\u00e7in \u00e7al\u0131\u015ft\u0131\u011f\u0131n\u0131 ve 3 defa T\u00fcrkiye \u015fampiyonu oldu\u011funu bildirdi.<\/p>\n<p> <em><strong>Huzeyfe Berat Geceku\u015fu, \u015f\u00f6yle konu\u015ftu:\u00a0<\/strong><\/em><\/p>\n<p> &#8220;Ald\u0131\u011f\u0131m birincilikler beni \u00e7ok motive etti. \u00c7al\u0131\u015fmaya devam ediyorum. Ulusal gruba girme amac\u0131yla \u00e7al\u0131\u015f\u0131yorum. Bayra\u011f\u0131m\u0131z\u0131 Avrupa&#8217;da yahut ba\u015fka \u00fclkelerde dalgaland\u0131rmak istiyorum. Y\u00fczme sporunda en yeterlisi olmaya \u00e7al\u0131\u015f\u0131yorum.&#8221;<\/p>\n<p> <strong>&#8211; &#8220;Su korkusunu yensin diye getirdi\u011fimiz havuzdan \u015fampiyon olarak \u00e7\u0131kt\u0131&#8221;\u00a0<\/strong><\/p>\n<p> Anne Sema Geceku\u015fu da su korkusunu yenmesi i\u00e7in o\u011fluna takviye verdiklerini s\u00f6yledi.<\/p>\n<p> Evlad\u0131n\u0131n bo\u011fulma tehlikesi ya\u015fad\u0131\u011f\u0131 i\u00e7in suyla ilgili hi\u00e7bir aktifli\u011fe kat\u0131lmad\u0131\u011f\u0131n\u0131 an\u0131msatan Geceku\u015fu,<strong> &#8220;4 ayl\u0131k idman\u0131n sonunda su korkusunu yendi. Hocalar\u0131 muvaffakiyetini ke\u015ffetti. Su korkusunu yensin diye getirdi\u011fimiz bu havuzdan \u015fampiyon olarak \u00e7\u0131kt\u0131. Daha gidecek yolumuz var.&#8221;<\/strong> s\u00f6zlerini kulland\u0131.\u00a0<\/p>\n<p> Antren\u00f6r Meltem Karaca da Berat&#8217;\u0131n yetenekli bir \u00e7ocuk oldu\u011funu ke\u015ffettiklerini lisana getirdi.<\/p>\n<p> Berat&#8217;\u0131n idmanlar\u0131 hi\u00e7bir vakit aksatmad\u0131\u011f\u0131n\u0131 aktaran Karaca, <strong>&#8220;Ba\u015far\u0131s\u0131, h\u0131rs\u0131 ve azmi, bu sporu \u00e7ok seviyor olmas\u0131ndan kaynaklan\u0131yor.&#8221;<\/strong> a\u00e7\u0131klamas\u0131n\u0131 yapt\u0131.<\/p>\n","protected":false},"excerpt":{"rendered":"<p>Elaz\u0131\u011f&#8217;da su korkusunu yenmesi i\u00e7in annesinin y\u00f6nlendirmesiyle 2 y\u0131l evvel ba\u015flad\u0131\u011f\u0131 y\u00fczmede 3 T\u00fcrkiye \u015fampiyonlu\u011fu elde eden 10 ya\u015f\u0131ndaki Huzeyfe Berat Geceku\u015fu, ulusal kadroya girebilmek i\u00e7in \u00e7al\u0131\u015f\u0131yor.<\/p>\n","protected":false},"author":1,"featured_media":13104,"comment_status":"open","ping_status":"open","sticky":false,"template":"","format":"standard","meta":{"footnotes":""},"categories":[27],"tags":[91,65,199],"class_list":["post-13103","post","type-post","status-publish","format-standard","has-post-thumbnail","hentry","category-guncel-haberler","tag-sampiyon","tag-spor","tag-yuzme"],"_links":{"self":[{"href":"https:\/\/haberbesiktas.tr\/index.php?rest_route=\/wp\/v2\/posts\/13103","targetHints":{"allow":["GET"]}}],"collection":[{"href":"https:\/\/haberbesiktas.tr\/index.php?rest_route=\/wp\/v2\/posts"}],"about":[{"href":"https:\/\/haberbesiktas.tr\/index.php?rest_route=\/wp\/v2\/types\/post"}],"author":[{"embeddable":true,"href":"https:\/\/haberbesiktas.tr\/index.php?rest_route=\/wp\/v2\/users\/1"}],"replies":[{"embeddable":true,"href":"https:\/\/haberbesiktas.tr\/index.php?rest_route=%2Fwp%2Fv2%2Fcomments&post=13103"}],"version-history":[{"count":1,"href":"https:\/\/haberbesiktas.tr\/index.php?rest_route=\/wp\/v2\/posts\/13103\/revisions"}],"predecessor-version":[{"id":13105,"href":"https:\/\/haberbesiktas.tr\/index.php?rest_route=\/wp\/v2\/posts\/13103\/revisions\/13105"}],"wp:featuredmedia":[{"embeddable":true,"href":"https:\/\/haberbesiktas.tr\/index.php?rest_route=\/wp\/v2\/media\/13104"}],"wp:attachment":[{"href":"https:\/\/haberbesiktas.tr\/index.php?rest_route=%2Fwp%2Fv2%2Fmedia&parent=13103"}],"wp:term":[{"taxonomy":"category","embeddable":true,"href":"https:\/\/haberbesiktas.tr\/index.php?rest_route=%2Fwp%2Fv2%2Fcategories&post=13103"},{"taxonomy":"post_tag","embeddable":true,"href":"https:\/\/haberbesiktas.tr\/index.php?rest_route=%2Fwp%2Fv2%2Ftags&post=13103"}],"curies":[{"name":"wp","href":"https:\/\/api.w.org\/{rel}","templated":true}]}}