{"id":1312,"date":"2025-01-05T21:54:46","date_gmt":"2025-01-05T21:54:46","guid":{"rendered":"https:\/\/haberbesiktas.tr\/?p=1312"},"modified":"2025-01-05T21:54:46","modified_gmt":"2025-01-05T21:54:46","slug":"pilot-alp-aksoy-2025-sezonunda-prema-racing-ile-yarisacak","status":"publish","type":"post","link":"https:\/\/haberbesiktas.tr\/?p=1312","title":{"rendered":"Pilot Alp Aksoy, 2025 sezonunda Prema Racing ile yar\u0131\u015facak"},"content":{"rendered":"<p>T\u00fcrkiye&#8217;nin gen\u00e7 ulusal atletlerinden <strong>Alp Aksoy,<\/strong> 2025 d\u00f6neminde motorsporlar\u0131n\u0131n en itibarl\u0131 gruplar\u0131ndan Prema Racing ile muahede sa\u011flad\u0131. Aksoy, bu d\u00f6nem FIA Karting Avrupa \u015eampiyonas\u0131, FIA Karting D\u00fcnya \u015eampiyonas\u0131 ve Champions of the Future serilerinde yar\u0131\u015facak.<\/p>\n<p> D\u00fcnyan\u0131n en eski karting yar\u0131\u015flar\u0131ndan Industrie Kupas\u0131&#8217;nda podyuma \u00e7\u0131kan birinci ve tek T\u00fcrk pilot olma unvan\u0131na sahip Alp Aksoy, 2025&#8217;te pistlerde yeni gayeler pe\u015finde ko\u015facak.<\/p>\n<p> Prema Racing, FIA Formula 2, FIA Formula 3, FRECA ve Formula 4 \u015fampiyonalar\u0131nda yar\u0131\u015fan bir d\u00fcnya devi olarak biliniyor. Formula 1&#8217;e giden yolda bir yetenek fabrikas\u0131 olarak kabul edilen kadro, ge\u00e7mi\u015fte Charles Leclerc, Mick Schumacher ve Pierre Gasly \u00fczere isimleri tepeye ta\u015f\u0131d\u0131.<\/p>\n<p> Bununla birlikte, Prema Racing, farkl\u0131 serilerde kazand\u0131\u011f\u0131 \u015fampiyonluklarla hem pistlerde hem de gen\u00e7 yeteneklerin yeti\u015ftirilmesinde ba\u015fkan pozisyonunu koruyor. Formula 2 Kadrolar \u015eampiyonlu\u011fu \u2013 2020 ve 2021 y\u0131llar\u0131nda \u00fcst \u00fcste elde edilen zaferlerle, Formula 2&#8217;de doru\u011fa ismini yazd\u0131rd\u0131. Formula 3 Gruplar \u015eampiyonlu\u011fu \u2013 2019&#8217;dan itibaren be\u015f defa (2019, 2020, 2022, 2023 ve 2024) \u015fampiyon olarak, bu seride en ba\u015far\u0131l\u0131 tak\u0131mlardan biri oldu. FRECA Ekipler \u015eampiyonlu\u011fu \u2013 2019, 2020, 2022, 2023 ve 2024 y\u0131llar\u0131nda FRECA (Formula Regional European Championship by Alpine) serisinde liderli\u011fi kimseye b\u0131rakmad\u0131. Formula 4 \u0130talya Kadrolar \u015eampiyonlu\u011fu \u2013 2020, 2022, 2023 ve 2024&#8217;te kazand\u0131\u011f\u0131 unvanlarla gen\u00e7 yetenekleri tepeye ta\u015f\u0131d\u0131.<\/p>\n<p> <strong>5 YA\u015eINDAN BU YANA P\u0130STLERDE<\/strong><\/p>\n<p> Ulusal sportmen Alp Aksoy, profesyonel yar\u0131\u015f mesle\u011fine 5 ya\u015f\u0131nda ad\u0131m att\u0131. Avrupa ve d\u00fcnya karting \u015fampiyonalar\u0131nda birebir anda gayret eden birinci ve tek T\u00fcrk pilot olan Aksoy, yar\u0131\u015flar\u0131nda k\u0131sa m\u00fcddette podyumlara \u00e7\u0131kmay\u0131 ba\u015fard\u0131. Aksoy, T\u00fcrkiye Karting \u015eampiyonas\u0131, T\u00fcrkiye Berat T\u00fcrker K\u0131\u015f Kupas\u0131, CEE Avrupa \u015eampiyonas\u0131, WSK \u00dcst\u00fcn Master Series, FIA Karting D\u00fcnya \u015eampiyonas\u0131 \u00fczere bir\u00e7ok seride muvaffakiyetler elde etti.<\/p>\n<p> <strong>ALP AKSOY HAKKINDA<\/strong><\/p>\n<p> 2019 y\u0131l\u0131nda 9 ya\u015f\u0131ndayken ulusal sportmen unvan\u0131n\u0131 alan Alp Aksoy, T\u00fcrkiye&#8217;yi yurtd\u0131\u015f\u0131nda temsil eden en gen\u00e7 atlet oldu. 5 ya\u015f\u0131nda karting sporu ile tan\u0131\u015fan pilot, Birle\u015fik Arap Emirlikleri&#8217;nde Bambino kategorisinde yar\u0131\u015fa ba\u015flay\u0131p bir\u00e7ok podyum ve birincilik kazand\u0131. 6 ya\u015f\u0131nda, T\u00fcrkiye Karting \u015eampiyonas\u0131 K\u00fc\u00e7\u00fck 60 kategorisinde m\u00fcsabakaya ba\u015flad\u0131. 7 ya\u015f\u0131nda T\u00fcrkiye Berat T\u00fcrker K\u0131\u015f Kupas\u0131&#8217;ndaki t\u00fcm yar\u0131\u015flar\u0131 kazanarak en gen\u00e7 k\u0131\u015f kupas\u0131 kazanan T\u00fcrk atlet oldu. CEE Avrupa \u015eampiyonas\u0131&#8217;nda 5 yar\u0131\u015fa kat\u0131ld\u0131 ve Avusturya aya\u011f\u0131nda 3 yar\u0131\u015f\u0131 \u00fcst \u00fcste kazanarak en gen\u00e7 yar\u0131\u015f kazanan pilot unvan\u0131n\u0131 elde etti. 2023 y\u0131l\u0131nda 108 pilotun \u00e7aba etti\u011fi WSK \u00dcst\u00fcn Master Series Lonato yar\u0131\u015f\u0131n\u0131 kazand\u0131 ve 2023 Industrie Kupas\u0131&#8217;nda 2. oldu. Alp Aksoy, 2024 y\u0131l\u0131 prestijiyle gelece\u011fin \u015fampiyonlar\u0131n\u0131 yeti\u015ftiren Champions of the Future serisinde Fusion Motorsport grubunun pilotu olarak pistlere \u00e7\u0131k\u0131yor. Aksoy bu y\u0131l T\u00fcrkiye&#8217;yi FIA D\u00fcnya ve Avrupa \u015eampiyonas\u0131&#8217;nda temsil edecek.<\/p>\n","protected":false},"excerpt":{"rendered":"<p>T\u00fcrk atlet Alp Aksoy, 2025&#8217;te Prema Racing ile anla\u015farak FIA Karting Avrupa ve D\u00fcnya \u015eampiyonalar\u0131nda yar\u0131\u015facak.<\/p>\n","protected":false},"author":1,"featured_media":1313,"comment_status":"open","ping_status":"open","sticky":false,"template":"","format":"standard","meta":{"footnotes":""},"categories":[27],"tags":[90,92,91,89,88],"class_list":["post-1312","post","type-post","status-publish","format-standard","has-post-thumbnail","hentry","category-guncel-haberler","tag-formula","tag-karting","tag-sampiyon","tag-turk","tag-yaris"],"_links":{"self":[{"href":"https:\/\/haberbesiktas.tr\/index.php?rest_route=\/wp\/v2\/posts\/1312","targetHints":{"allow":["GET"]}}],"collection":[{"href":"https:\/\/haberbesiktas.tr\/index.php?rest_route=\/wp\/v2\/posts"}],"about":[{"href":"https:\/\/haberbesiktas.tr\/index.php?rest_route=\/wp\/v2\/types\/post"}],"author":[{"embeddable":true,"href":"https:\/\/haberbesiktas.tr\/index.php?rest_route=\/wp\/v2\/users\/1"}],"replies":[{"embeddable":true,"href":"https:\/\/haberbesiktas.tr\/index.php?rest_route=%2Fwp%2Fv2%2Fcomments&post=1312"}],"version-history":[{"count":1,"href":"https:\/\/haberbesiktas.tr\/index.php?rest_route=\/wp\/v2\/posts\/1312\/revisions"}],"predecessor-version":[{"id":1314,"href":"https:\/\/haberbesiktas.tr\/index.php?rest_route=\/wp\/v2\/posts\/1312\/revisions\/1314"}],"wp:featuredmedia":[{"embeddable":true,"href":"https:\/\/haberbesiktas.tr\/index.php?rest_route=\/wp\/v2\/media\/1313"}],"wp:attachment":[{"href":"https:\/\/haberbesiktas.tr\/index.php?rest_route=%2Fwp%2Fv2%2Fmedia&parent=1312"}],"wp:term":[{"taxonomy":"category","embeddable":true,"href":"https:\/\/haberbesiktas.tr\/index.php?rest_route=%2Fwp%2Fv2%2Fcategories&post=1312"},{"taxonomy":"post_tag","embeddable":true,"href":"https:\/\/haberbesiktas.tr\/index.php?rest_route=%2Fwp%2Fv2%2Ftags&post=1312"}],"curies":[{"name":"wp","href":"https:\/\/api.w.org\/{rel}","templated":true}]}}