{"id":13221,"date":"2025-03-02T02:48:05","date_gmt":"2025-03-02T02:48:05","guid":{"rendered":"https:\/\/haberbesiktas.tr\/?p=13221"},"modified":"2025-03-02T02:48:05","modified_gmt":"2025-03-02T02:48:05","slug":"alanyasporda-sok-eksik-fenerbahce-macinda-yok","status":"publish","type":"post","link":"https:\/\/haberbesiktas.tr\/?p=13221","title":{"rendered":"Alanyaspor&#8217;da \u015fok eksik: Fenerbah\u00e7e ma\u00e7\u0131nda yok!"},"content":{"rendered":"<div>Trendyol \u00dcst\u00fcn Lig&#8217;in 22. haftas\u0131nda oynanan ma\u00e7ta G\u00f6ztepe ve Alanyaspor kar\u015f\u0131 kar\u015f\u0131ya geldi.\u00a0<\/p>\n<p>Alanyaspor&#8217;da kaleci Ertu\u011frul Ta\u015fk\u0131ran, penalt\u0131ya sebebiyet veren m\u00fcdahalesi sebebiyle 79. dakikada sar\u0131 kart g\u00f6rd\u00fc.\u00a0<\/p>\n<p>Tecr\u00fcbeli eldiven, g\u00f6rd\u00fc\u011f\u00fc bu sar\u0131 kart sebebiyle gelecek hafta oynanacak Fenerbah\u00e7e u\u011fra\u015f\u0131nda cezal\u0131 duruma d\u00fc\u015ft\u00fc.<\/p><\/div>\n","protected":false},"excerpt":{"rendered":"<p>Alanyaspor kalecisi Ertu\u011frul Ta\u015fk\u0131ran, G\u00f6ztepe ile oynad\u0131klar\u0131 u\u011fra\u015fta g\u00f6rd\u00fc\u011f\u00fc sar\u0131 kart sebebiyle gelecek hafta oynanacak Fenerbah\u00e7e m\u00fcsabakas\u0131nda cezal\u0131 duruma d\u00fc\u015ft\u00fc.<\/p>\n","protected":false},"author":1,"featured_media":13222,"comment_status":"open","ping_status":"open","sticky":false,"template":"","format":"standard","meta":{"footnotes":""},"categories":[25],"tags":[],"class_list":["post-13221","post","type-post","status-publish","format-standard","has-post-thumbnail","hentry","category-futbol"],"_links":{"self":[{"href":"https:\/\/haberbesiktas.tr\/index.php?rest_route=\/wp\/v2\/posts\/13221","targetHints":{"allow":["GET"]}}],"collection":[{"href":"https:\/\/haberbesiktas.tr\/index.php?rest_route=\/wp\/v2\/posts"}],"about":[{"href":"https:\/\/haberbesiktas.tr\/index.php?rest_route=\/wp\/v2\/types\/post"}],"author":[{"embeddable":true,"href":"https:\/\/haberbesiktas.tr\/index.php?rest_route=\/wp\/v2\/users\/1"}],"replies":[{"embeddable":true,"href":"https:\/\/haberbesiktas.tr\/index.php?rest_route=%2Fwp%2Fv2%2Fcomments&post=13221"}],"version-history":[{"count":1,"href":"https:\/\/haberbesiktas.tr\/index.php?rest_route=\/wp\/v2\/posts\/13221\/revisions"}],"predecessor-version":[{"id":13223,"href":"https:\/\/haberbesiktas.tr\/index.php?rest_route=\/wp\/v2\/posts\/13221\/revisions\/13223"}],"wp:featuredmedia":[{"embeddable":true,"href":"https:\/\/haberbesiktas.tr\/index.php?rest_route=\/wp\/v2\/media\/13222"}],"wp:attachment":[{"href":"https:\/\/haberbesiktas.tr\/index.php?rest_route=%2Fwp%2Fv2%2Fmedia&parent=13221"}],"wp:term":[{"taxonomy":"category","embeddable":true,"href":"https:\/\/haberbesiktas.tr\/index.php?rest_route=%2Fwp%2Fv2%2Fcategories&post=13221"},{"taxonomy":"post_tag","embeddable":true,"href":"https:\/\/haberbesiktas.tr\/index.php?rest_route=%2Fwp%2Fv2%2Ftags&post=13221"}],"curies":[{"name":"wp","href":"https:\/\/api.w.org\/{rel}","templated":true}]}}