{"id":13224,"date":"2025-03-02T03:12:05","date_gmt":"2025-03-02T03:12:05","guid":{"rendered":"https:\/\/haberbesiktas.tr\/?p=13224"},"modified":"2025-03-02T03:12:05","modified_gmt":"2025-03-02T03:12:05","slug":"tchatchoua-icin-galatasaraydan-talep-10m-euro","status":"publish","type":"post","link":"https:\/\/haberbesiktas.tr\/?p=13224","title":{"rendered":"Tchatchoua i\u00e7in Galatasaray&#8217;dan talep: 10M euro"},"content":{"rendered":"<div>Transfer \u00e7al\u0131\u015fmalar\u0131n\u0131 s\u00fcrd\u00fcren Galatasaray&#8217;da s\u00fcrpriz bir geli\u015fme ya\u015fand\u0131.<\/p>\n<p> Gianluca Di Marzio&#8217;nun haberine nazaran; Galatasaray, Verona&#8217;da forma giyen sa\u011f bek Jackson Tchatchoua i\u00e7in \u0130talyan kul\u00fcb\u00fcyle temasa ge\u00e7ti.<\/p>\n<p><strong>10 M\u0130LYON EURO \u0130STED\u0130LER<\/strong><\/p>\n<p> Habere nazaran; Galatasaray&#8217;\u0131n sa\u011f bek listesinde \u00fcst s\u0131ralarda yer alan 23 ya\u015f\u0131ndaki sa\u011f bek i\u00e7in Verona, sar\u0131-k\u0131rm\u0131z\u0131l\u0131 gruptan 10 milyon euro bonservis bedeli istedi.<\/p>\n<p> Bu geli\u015fme kar\u015f\u0131s\u0131nda bekleyi\u015fe ge\u00e7en Galatasaray, gen\u00e7 oyuncu i\u00e7in teklifini haz\u0131rlay\u0131p Verona ile yine temasa ge\u00e7ecek.<\/p>\n<p> <strong>G\u00dcNCEL P\u0130YASA DE\u011eER\u0130<\/strong><\/p>\n<p> Hellas Verona&#8217;da bu d\u00f6nem 22 ma\u00e7ta m\u00fcddet bulan Tchatchoua, 2 gol att\u0131 ve 2 asist yapt\u0131.<\/p>\n<p> \u015eimdiki piyasa bedeli 8 milyon euro olarak g\u00f6sterilen 23 ya\u015f\u0131ndaki futbolcunun kul\u00fcb\u00fc Hellas Verona ile kontrat\u0131 2027 y\u0131l\u0131na kadar devam ediyor.<\/p>\n<\/div>\n","protected":false},"excerpt":{"rendered":"<p>Transfer \u00e7al\u0131\u015fmalar\u0131n\u0131 s\u00fcrd\u00fcren Galatasaray&#8217;\u0131n ilgilendi\u011fi sa\u011f bek Jackson Tchatchoua i\u00e7in Galatasaray&#8217;dan 10 milyon \u20ac bonservis bedeli istedi.<\/p>\n","protected":false},"author":1,"featured_media":13225,"comment_status":"open","ping_status":"open","sticky":false,"template":"","format":"standard","meta":{"footnotes":""},"categories":[25],"tags":[967],"class_list":["post-13224","post","type-post","status-publish","format-standard","has-post-thumbnail","hentry","category-futbol","tag-verona"],"_links":{"self":[{"href":"https:\/\/haberbesiktas.tr\/index.php?rest_route=\/wp\/v2\/posts\/13224","targetHints":{"allow":["GET"]}}],"collection":[{"href":"https:\/\/haberbesiktas.tr\/index.php?rest_route=\/wp\/v2\/posts"}],"about":[{"href":"https:\/\/haberbesiktas.tr\/index.php?rest_route=\/wp\/v2\/types\/post"}],"author":[{"embeddable":true,"href":"https:\/\/haberbesiktas.tr\/index.php?rest_route=\/wp\/v2\/users\/1"}],"replies":[{"embeddable":true,"href":"https:\/\/haberbesiktas.tr\/index.php?rest_route=%2Fwp%2Fv2%2Fcomments&post=13224"}],"version-history":[{"count":1,"href":"https:\/\/haberbesiktas.tr\/index.php?rest_route=\/wp\/v2\/posts\/13224\/revisions"}],"predecessor-version":[{"id":13226,"href":"https:\/\/haberbesiktas.tr\/index.php?rest_route=\/wp\/v2\/posts\/13224\/revisions\/13226"}],"wp:featuredmedia":[{"embeddable":true,"href":"https:\/\/haberbesiktas.tr\/index.php?rest_route=\/wp\/v2\/media\/13225"}],"wp:attachment":[{"href":"https:\/\/haberbesiktas.tr\/index.php?rest_route=%2Fwp%2Fv2%2Fmedia&parent=13224"}],"wp:term":[{"taxonomy":"category","embeddable":true,"href":"https:\/\/haberbesiktas.tr\/index.php?rest_route=%2Fwp%2Fv2%2Fcategories&post=13224"},{"taxonomy":"post_tag","embeddable":true,"href":"https:\/\/haberbesiktas.tr\/index.php?rest_route=%2Fwp%2Fv2%2Ftags&post=13224"}],"curies":[{"name":"wp","href":"https:\/\/api.w.org\/{rel}","templated":true}]}}