{"id":13241,"date":"2025-03-02T04:12:04","date_gmt":"2025-03-02T04:12:04","guid":{"rendered":"https:\/\/haberbesiktas.tr\/?p=13241"},"modified":"2025-03-02T04:12:04","modified_gmt":"2025-03-02T04:12:04","slug":"fenerbahcede-talisca-karari","status":"publish","type":"post","link":"https:\/\/haberbesiktas.tr\/?p=13241","title":{"rendered":"Fenerbah\u00e7e&#8217;de Talisca karar\u0131!"},"content":{"rendered":"<div>Trendyol \u00dcst\u00fcn Lig&#8217;in 22. haftas\u0131nda Fenerbah\u00e7e ile \u00c7aykur Rizespor kar\u015f\u0131 kar\u015f\u0131ya gelecek.<\/p>\n<p>Ev sahibi grup Fenerbah\u00e7e&#8217;de Anderson Talisca, \u00c7aykur Rizespor ma\u00e7\u0131 \u00f6ncesi a\u00e7\u0131klanan tak\u0131mda yerini ald\u0131.<\/p>\n<p>Brezilyal\u0131 y\u0131ld\u0131z, ma\u00e7ta yedekler ortas\u0131nda bulunacak.\u00a0<\/p>\n<p><strong>YEN\u0130 TRANSFERLER 11&#8217;DE<\/strong><\/p>\n<p>Fenerbah\u00e7e&#8217;de bir \u00f6teki yeni transferler Milan Skriniar ve Diego Carlos, Fenerbah\u00e7e formas\u0131yla birinci 11&#8217;de yer alacak.<\/p>\n<p>Yeni transfer Ognjen Mimovi\u0107 ise tak\u0131mda yer almad\u0131. <\/p>\n<div>\n<div>\n<div>\u00a0<\/div>\n<\/p><\/div>\n<\/p><\/div>\n<div>\u00a0<\/div>\n<\/div>\n","protected":false},"excerpt":{"rendered":"<p>S\u00fcper Lig&#8217;de \u00c7aykur Rizespor ile kar\u015f\u0131la\u015facak olan Fenerbah\u00e7e&#8217;de Anderson Talisca, ma\u00e7\u0131n tak\u0131m\u0131na al\u0131nd\u0131.<\/p>\n","protected":false},"author":1,"featured_media":13242,"comment_status":"open","ping_status":"open","sticky":false,"template":"","format":"standard","meta":{"footnotes":""},"categories":[25],"tags":[],"class_list":["post-13241","post","type-post","status-publish","format-standard","has-post-thumbnail","hentry","category-futbol"],"_links":{"self":[{"href":"https:\/\/haberbesiktas.tr\/index.php?rest_route=\/wp\/v2\/posts\/13241","targetHints":{"allow":["GET"]}}],"collection":[{"href":"https:\/\/haberbesiktas.tr\/index.php?rest_route=\/wp\/v2\/posts"}],"about":[{"href":"https:\/\/haberbesiktas.tr\/index.php?rest_route=\/wp\/v2\/types\/post"}],"author":[{"embeddable":true,"href":"https:\/\/haberbesiktas.tr\/index.php?rest_route=\/wp\/v2\/users\/1"}],"replies":[{"embeddable":true,"href":"https:\/\/haberbesiktas.tr\/index.php?rest_route=%2Fwp%2Fv2%2Fcomments&post=13241"}],"version-history":[{"count":1,"href":"https:\/\/haberbesiktas.tr\/index.php?rest_route=\/wp\/v2\/posts\/13241\/revisions"}],"predecessor-version":[{"id":13243,"href":"https:\/\/haberbesiktas.tr\/index.php?rest_route=\/wp\/v2\/posts\/13241\/revisions\/13243"}],"wp:featuredmedia":[{"embeddable":true,"href":"https:\/\/haberbesiktas.tr\/index.php?rest_route=\/wp\/v2\/media\/13242"}],"wp:attachment":[{"href":"https:\/\/haberbesiktas.tr\/index.php?rest_route=%2Fwp%2Fv2%2Fmedia&parent=13241"}],"wp:term":[{"taxonomy":"category","embeddable":true,"href":"https:\/\/haberbesiktas.tr\/index.php?rest_route=%2Fwp%2Fv2%2Fcategories&post=13241"},{"taxonomy":"post_tag","embeddable":true,"href":"https:\/\/haberbesiktas.tr\/index.php?rest_route=%2Fwp%2Fv2%2Ftags&post=13241"}],"curies":[{"name":"wp","href":"https:\/\/api.w.org\/{rel}","templated":true}]}}