{"id":13329,"date":"2025-03-02T11:36:05","date_gmt":"2025-03-02T11:36:05","guid":{"rendered":"https:\/\/haberbesiktas.tr\/?p=13329"},"modified":"2025-03-02T11:36:05","modified_gmt":"2025-03-02T11:36:05","slug":"milano-derbisinde-kazanan-yok","status":"publish","type":"post","link":"https:\/\/haberbesiktas.tr\/?p=13329","title":{"rendered":"Milano derbisinde kazanan yok!"},"content":{"rendered":"<div>\u0130talya Serie A&#8217;n\u0131n 23. haftas\u0131nda Milan alan\u0131nda Inter&#8217;i konuk etti.<\/p>\n<p> Giuseppe Meazza Stadyumu&#8217;nda oynanan Milano derbisi 1-1 sona erdi.<\/p>\n<p> Milan&#8217;\u0131n gol\u00fcn\u00fc 45. dakikada <strong>Tijjani Reijnders<\/strong> kaydetti. Inter&#8217;in gol\u00fc ise 90+3. dakikada <strong>Stefan de Vrij<\/strong>&#8216;dan geldi.<\/p>\n<p> Bu sonucun akabinde Inter puan\u0131n\u0131 51, Milan ise 35 yapt\u0131.<\/p>\n<p> Inter&#8217;de forma giyen ulusal futbolcu <strong>Hakan \u00c7alhano\u011flu<\/strong>, birinci 11&#8217;de ba\u015flad\u0131\u011f\u0131 gayrette 63 dakika alanda kald\u0131.<\/p>\n<p>Ligde bir sonraki hafta Milan, Empoli&#8217;ye konuk olacak. Inter ise Fiorentina&#8217;y\u0131 a\u011f\u0131rlayacak.<\/p>\n<p> .<\/p>\n<p> \u00a0<\/p>\n<\/div>\n","protected":false},"excerpt":{"rendered":"<p>\u0130talya Serie A&#8217;n\u0131n 23. haftas\u0131nda Milan&#8217;\u0131n Inter&#8217;i konuk etti\u011fi ma\u00e7, 1-1 beraberlikle sonu\u00e7land\u0131. Ulusal futbolcumuz Hakan \u00c7alhano\u011flu, 63 dakika alanda kald\u0131.<\/p>\n","protected":false},"author":1,"featured_media":13330,"comment_status":"open","ping_status":"open","sticky":false,"template":"","format":"standard","meta":{"footnotes":""},"categories":[25],"tags":[622,645],"class_list":["post-13329","post","type-post","status-publish","format-standard","has-post-thumbnail","hentry","category-futbol","tag-inter","tag-milan"],"_links":{"self":[{"href":"https:\/\/haberbesiktas.tr\/index.php?rest_route=\/wp\/v2\/posts\/13329","targetHints":{"allow":["GET"]}}],"collection":[{"href":"https:\/\/haberbesiktas.tr\/index.php?rest_route=\/wp\/v2\/posts"}],"about":[{"href":"https:\/\/haberbesiktas.tr\/index.php?rest_route=\/wp\/v2\/types\/post"}],"author":[{"embeddable":true,"href":"https:\/\/haberbesiktas.tr\/index.php?rest_route=\/wp\/v2\/users\/1"}],"replies":[{"embeddable":true,"href":"https:\/\/haberbesiktas.tr\/index.php?rest_route=%2Fwp%2Fv2%2Fcomments&post=13329"}],"version-history":[{"count":1,"href":"https:\/\/haberbesiktas.tr\/index.php?rest_route=\/wp\/v2\/posts\/13329\/revisions"}],"predecessor-version":[{"id":13331,"href":"https:\/\/haberbesiktas.tr\/index.php?rest_route=\/wp\/v2\/posts\/13329\/revisions\/13331"}],"wp:featuredmedia":[{"embeddable":true,"href":"https:\/\/haberbesiktas.tr\/index.php?rest_route=\/wp\/v2\/media\/13330"}],"wp:attachment":[{"href":"https:\/\/haberbesiktas.tr\/index.php?rest_route=%2Fwp%2Fv2%2Fmedia&parent=13329"}],"wp:term":[{"taxonomy":"category","embeddable":true,"href":"https:\/\/haberbesiktas.tr\/index.php?rest_route=%2Fwp%2Fv2%2Fcategories&post=13329"},{"taxonomy":"post_tag","embeddable":true,"href":"https:\/\/haberbesiktas.tr\/index.php?rest_route=%2Fwp%2Fv2%2Ftags&post=13329"}],"curies":[{"name":"wp","href":"https:\/\/api.w.org\/{rel}","templated":true}]}}