{"id":13332,"date":"2025-03-02T12:00:05","date_gmt":"2025-03-02T12:00:05","guid":{"rendered":"https:\/\/haberbesiktas.tr\/?p=13332"},"modified":"2025-03-02T12:00:05","modified_gmt":"2025-03-02T12:00:05","slug":"fenerbahce-rizespor-maci-sonrasi-arbede","status":"publish","type":"post","link":"https:\/\/haberbesiktas.tr\/?p=13332","title":{"rendered":"Fenerbah\u00e7e &#8211; Rizespor ma\u00e7\u0131 sonras\u0131 arbede!"},"content":{"rendered":"<div>Fenerbah\u00e7e &#8211; \u00c7aykur Rizespor m\u00fcsabakas\u0131n\u0131n akabinde iki grup oyuncular\u0131 ortas\u0131nda arbede ya\u015fand\u0131.<\/p>\n<p> <strong>Tivibu Spor&#8217;da yer alan habere nazaran;<\/strong> Burak Kapacak, Mert Hakan Yanda\u015f ve Samet Akaydin olaya dahil olan isimler ortas\u0131nda yer ald\u0131.<\/p>\n<p> \u00a0<\/p>\n<p>https:\/\/twitter.com\/tivibuspor\/status\/1886132983762923623<\/p>\n<\/p><\/div>\n","protected":false},"excerpt":{"rendered":"<p>Fenerbah\u00e7e ile Rizespor futbolcular\u0131 ortas\u0131nda ma\u00e7 sonu otopark alan\u0131nda arbede ya\u015fand\u0131.<\/p>\n","protected":false},"author":1,"featured_media":13333,"comment_status":"open","ping_status":"open","sticky":false,"template":"","format":"standard","meta":{"footnotes":""},"categories":[25],"tags":[],"class_list":["post-13332","post","type-post","status-publish","format-standard","has-post-thumbnail","hentry","category-futbol"],"_links":{"self":[{"href":"https:\/\/haberbesiktas.tr\/index.php?rest_route=\/wp\/v2\/posts\/13332","targetHints":{"allow":["GET"]}}],"collection":[{"href":"https:\/\/haberbesiktas.tr\/index.php?rest_route=\/wp\/v2\/posts"}],"about":[{"href":"https:\/\/haberbesiktas.tr\/index.php?rest_route=\/wp\/v2\/types\/post"}],"author":[{"embeddable":true,"href":"https:\/\/haberbesiktas.tr\/index.php?rest_route=\/wp\/v2\/users\/1"}],"replies":[{"embeddable":true,"href":"https:\/\/haberbesiktas.tr\/index.php?rest_route=%2Fwp%2Fv2%2Fcomments&post=13332"}],"version-history":[{"count":1,"href":"https:\/\/haberbesiktas.tr\/index.php?rest_route=\/wp\/v2\/posts\/13332\/revisions"}],"predecessor-version":[{"id":13334,"href":"https:\/\/haberbesiktas.tr\/index.php?rest_route=\/wp\/v2\/posts\/13332\/revisions\/13334"}],"wp:featuredmedia":[{"embeddable":true,"href":"https:\/\/haberbesiktas.tr\/index.php?rest_route=\/wp\/v2\/media\/13333"}],"wp:attachment":[{"href":"https:\/\/haberbesiktas.tr\/index.php?rest_route=%2Fwp%2Fv2%2Fmedia&parent=13332"}],"wp:term":[{"taxonomy":"category","embeddable":true,"href":"https:\/\/haberbesiktas.tr\/index.php?rest_route=%2Fwp%2Fv2%2Fcategories&post=13332"},{"taxonomy":"post_tag","embeddable":true,"href":"https:\/\/haberbesiktas.tr\/index.php?rest_route=%2Fwp%2Fv2%2Ftags&post=13332"}],"curies":[{"name":"wp","href":"https:\/\/api.w.org\/{rel}","templated":true}]}}