{"id":13335,"date":"2025-03-02T12:12:06","date_gmt":"2025-03-02T12:12:06","guid":{"rendered":"https:\/\/haberbesiktas.tr\/?p=13335"},"modified":"2025-03-02T12:12:06","modified_gmt":"2025-03-02T12:12:06","slug":"trabzonsporda-umut-bozok-ile-yollar-ayrildi","status":"publish","type":"post","link":"https:\/\/haberbesiktas.tr\/?p=13335","title":{"rendered":"Trabzonspor&#8217;da Umut Bozok ile yollar ayr\u0131ld\u0131"},"content":{"rendered":"<div>S\u00fcper Lig tak\u0131mlar\u0131ndan Trabzonspor&#8217;da ayr\u0131l\u0131k ger\u00e7ekle\u015fti.<\/p>\n<p>Bordo-mavililer,\u00a0Umut Bozok&#8217;un mukavelesinin kar\u015f\u0131l\u0131kl\u0131 olarak feshedildi\u011fini a\u00e7\u0131klad\u0131.<\/p>\n<p>2022&#8217;de Trabzonspor&#8217;a Lorient&#8217;den 2 milyon Euro kar\u015f\u0131l\u0131\u011f\u0131nda kat\u0131lan santrfor oyuncusu, bu d\u00f6nem 4 ma\u00e7ta forma giymi\u015f ve s\u0131rf 40 dakika m\u00fcddet bulabilmi\u015fti.<\/p><\/div>\n","protected":false},"excerpt":{"rendered":"<p>Trabzonspor, Umut Bozok&#8217;un kontrat\u0131n\u0131n kar\u015f\u0131l\u0131kl\u0131 olarak feshedildi\u011fini a\u00e7\u0131klad\u0131.<\/p>\n","protected":false},"author":1,"featured_media":13336,"comment_status":"open","ping_status":"open","sticky":false,"template":"","format":"standard","meta":{"footnotes":""},"categories":[25],"tags":[],"class_list":["post-13335","post","type-post","status-publish","format-standard","has-post-thumbnail","hentry","category-futbol"],"_links":{"self":[{"href":"https:\/\/haberbesiktas.tr\/index.php?rest_route=\/wp\/v2\/posts\/13335","targetHints":{"allow":["GET"]}}],"collection":[{"href":"https:\/\/haberbesiktas.tr\/index.php?rest_route=\/wp\/v2\/posts"}],"about":[{"href":"https:\/\/haberbesiktas.tr\/index.php?rest_route=\/wp\/v2\/types\/post"}],"author":[{"embeddable":true,"href":"https:\/\/haberbesiktas.tr\/index.php?rest_route=\/wp\/v2\/users\/1"}],"replies":[{"embeddable":true,"href":"https:\/\/haberbesiktas.tr\/index.php?rest_route=%2Fwp%2Fv2%2Fcomments&post=13335"}],"version-history":[{"count":1,"href":"https:\/\/haberbesiktas.tr\/index.php?rest_route=\/wp\/v2\/posts\/13335\/revisions"}],"predecessor-version":[{"id":13337,"href":"https:\/\/haberbesiktas.tr\/index.php?rest_route=\/wp\/v2\/posts\/13335\/revisions\/13337"}],"wp:featuredmedia":[{"embeddable":true,"href":"https:\/\/haberbesiktas.tr\/index.php?rest_route=\/wp\/v2\/media\/13336"}],"wp:attachment":[{"href":"https:\/\/haberbesiktas.tr\/index.php?rest_route=%2Fwp%2Fv2%2Fmedia&parent=13335"}],"wp:term":[{"taxonomy":"category","embeddable":true,"href":"https:\/\/haberbesiktas.tr\/index.php?rest_route=%2Fwp%2Fv2%2Fcategories&post=13335"},{"taxonomy":"post_tag","embeddable":true,"href":"https:\/\/haberbesiktas.tr\/index.php?rest_route=%2Fwp%2Fv2%2Ftags&post=13335"}],"curies":[{"name":"wp","href":"https:\/\/api.w.org\/{rel}","templated":true}]}}