{"id":13623,"date":"2025-03-03T10:00:09","date_gmt":"2025-03-03T10:00:09","guid":{"rendered":"https:\/\/haberbesiktas.tr\/?p=13623"},"modified":"2025-03-03T10:00:09","modified_gmt":"2025-03-03T10:00:09","slug":"samet-akaydin-mac-esit-seviyede-oynansaydi-kazanirdik-2","status":"publish","type":"post","link":"https:\/\/haberbesiktas.tr\/?p=13623","title":{"rendered":"Samet Akaydin: &#8220;Ma\u00e7 e\u015fit seviyede oynansayd\u0131 kazan\u0131rd\u0131k&#8221;"},"content":{"rendered":"<div>Trendyol \u00dcst\u00fcn Lig&#8217;in 22. haftas\u0131nda Fenerbah\u00e7e ile \u00c7aykur Rizespor kar\u015f\u0131 kar\u015f\u0131ya geldi.\u00a0<\/p>\n<p>Fenerbah\u00e7e \u00e7abay\u0131 3-2&#8217;lik skorla kazand\u0131.\u00a0<\/p>\n<p>\u00c7aykur Rizespor oyuncusu Samet Akaydin,\u00a0ma\u00e7\u0131n akabinde a\u00e7\u0131klamalarda bulundu.<\/p>\n<p><span>Samet Akaydin:<\/span><strong> &#8220;Hakem konusuna girmeyece\u011fim. Sonu\u00e7ta daha ge\u00e7en hafta Fenerbah\u00e7e&#8217;deydim. Ma\u00e7 e\u015fit d\u00fczeyde, 11&#8217;e 11 oynansayd\u0131 galip gelen taraf biz olurduk, buna eminim. Fenerbah\u00e7e&#8217;ye \u015fampiyonluk yolunda muvaffakiyetler diliyorum. Lakin ben bug\u00fcn kendi kadromu nitekim tebrik ediyorum. \u0130n\u015fallah daha \u00e2l\u00e2 olaca\u011f\u0131z. \u0130yisi.&#8221;\u00a0<\/strong>dedi.<\/div>\n","protected":false},"excerpt":{"rendered":"<p>\u00c7aykur Rizespor oyuncusu Samet Akaydin, 3-2 kaybettikleri Fenerbah\u00e7e ma\u00e7\u0131n\u0131n akabinde a\u00e7\u0131klamalarda bulundu.<\/p>\n","protected":false},"author":1,"featured_media":13624,"comment_status":"open","ping_status":"open","sticky":false,"template":"","format":"standard","meta":{"footnotes":""},"categories":[10],"tags":[],"class_list":["post-13623","post","type-post","status-publish","format-standard","has-post-thumbnail","hentry","category-basketbol"],"_links":{"self":[{"href":"https:\/\/haberbesiktas.tr\/index.php?rest_route=\/wp\/v2\/posts\/13623","targetHints":{"allow":["GET"]}}],"collection":[{"href":"https:\/\/haberbesiktas.tr\/index.php?rest_route=\/wp\/v2\/posts"}],"about":[{"href":"https:\/\/haberbesiktas.tr\/index.php?rest_route=\/wp\/v2\/types\/post"}],"author":[{"embeddable":true,"href":"https:\/\/haberbesiktas.tr\/index.php?rest_route=\/wp\/v2\/users\/1"}],"replies":[{"embeddable":true,"href":"https:\/\/haberbesiktas.tr\/index.php?rest_route=%2Fwp%2Fv2%2Fcomments&post=13623"}],"version-history":[{"count":1,"href":"https:\/\/haberbesiktas.tr\/index.php?rest_route=\/wp\/v2\/posts\/13623\/revisions"}],"predecessor-version":[{"id":13625,"href":"https:\/\/haberbesiktas.tr\/index.php?rest_route=\/wp\/v2\/posts\/13623\/revisions\/13625"}],"wp:featuredmedia":[{"embeddable":true,"href":"https:\/\/haberbesiktas.tr\/index.php?rest_route=\/wp\/v2\/media\/13624"}],"wp:attachment":[{"href":"https:\/\/haberbesiktas.tr\/index.php?rest_route=%2Fwp%2Fv2%2Fmedia&parent=13623"}],"wp:term":[{"taxonomy":"category","embeddable":true,"href":"https:\/\/haberbesiktas.tr\/index.php?rest_route=%2Fwp%2Fv2%2Fcategories&post=13623"},{"taxonomy":"post_tag","embeddable":true,"href":"https:\/\/haberbesiktas.tr\/index.php?rest_route=%2Fwp%2Fv2%2Ftags&post=13623"}],"curies":[{"name":"wp","href":"https:\/\/api.w.org\/{rel}","templated":true}]}}