{"id":13632,"date":"2025-03-03T10:36:08","date_gmt":"2025-03-03T10:36:08","guid":{"rendered":"https:\/\/haberbesiktas.tr\/?p=13632"},"modified":"2025-03-03T10:36:08","modified_gmt":"2025-03-03T10:36:08","slug":"trabzonsporda-umut-bozok-ile-yollar-ayrildi-2","status":"publish","type":"post","link":"https:\/\/haberbesiktas.tr\/?p=13632","title":{"rendered":"Trabzonspor&#8217;da Umut Bozok ile yollar ayr\u0131ld\u0131"},"content":{"rendered":"<div>Trabzonspor Kul\u00fcb\u00fc,\u00a0Umut\u00a0Dilan\u00a0Bozok\u00a0ile kar\u015f\u0131l\u0131kl\u0131 anla\u015farak yollar\u0131n ayr\u0131ld\u0131\u011f\u0131n\u0131 duyurdu.<\/p>\n<p> Trabzonspor Sportif Yat\u0131r\u0131m ve Futbol \u0130\u015fletmecili\u011fi Ticaret A\u015e&#8217;den Borsa \u0130stanbul&#8217;a g\u00f6nderilen ve Kamuyu Ayd\u0131nlatma Platformunda (KAP) yer alan a\u00e7\u0131klamada, &#8220;\u015eirketimiz ile profesyonel futbolcumuz\u00a0Umut\u00a0Dilan\u00a0Bozok\u00a0aras\u0131ndaki 31.08.2022 ba\u015flang\u0131\u00e7 ve 31.05.2025 biti\u015f tarihli profesyonel futbolcu mukavelesi kar\u015f\u0131l\u0131kl\u0131 olarak feshedilmi\u015ftir.&#8221; tabirlerine yer verildi.<\/p>\n<p> A\u00e7\u0131klamada,\u00a0Umut\u00a0Bozok&#8217;a fesih tazminat\u0131 \u00f6denmeyece\u011fi kaydedildi<\/p>\n<p> 2022&#8217;de Trabzonspor&#8217;a Lorient&#8217;den 2 milyon Euro kar\u015f\u0131l\u0131\u011f\u0131nda kat\u0131lan santrfor oyuncusu, bu d\u00f6nem 4 ma\u00e7ta forma giymi\u015f ve s\u0131rf 40 dakika m\u00fcddet bulabilmi\u015fti.<\/p><\/div>\n","protected":false},"excerpt":{"rendered":"<p>Trabzonspor, Umut Bozok&#8217;un kontrat\u0131n\u0131n kar\u015f\u0131l\u0131kl\u0131 olarak feshedildi\u011fini a\u00e7\u0131klad\u0131.<\/p>\n","protected":false},"author":1,"featured_media":13633,"comment_status":"open","ping_status":"open","sticky":false,"template":"","format":"standard","meta":{"footnotes":""},"categories":[10],"tags":[],"class_list":["post-13632","post","type-post","status-publish","format-standard","has-post-thumbnail","hentry","category-basketbol"],"_links":{"self":[{"href":"https:\/\/haberbesiktas.tr\/index.php?rest_route=\/wp\/v2\/posts\/13632","targetHints":{"allow":["GET"]}}],"collection":[{"href":"https:\/\/haberbesiktas.tr\/index.php?rest_route=\/wp\/v2\/posts"}],"about":[{"href":"https:\/\/haberbesiktas.tr\/index.php?rest_route=\/wp\/v2\/types\/post"}],"author":[{"embeddable":true,"href":"https:\/\/haberbesiktas.tr\/index.php?rest_route=\/wp\/v2\/users\/1"}],"replies":[{"embeddable":true,"href":"https:\/\/haberbesiktas.tr\/index.php?rest_route=%2Fwp%2Fv2%2Fcomments&post=13632"}],"version-history":[{"count":1,"href":"https:\/\/haberbesiktas.tr\/index.php?rest_route=\/wp\/v2\/posts\/13632\/revisions"}],"predecessor-version":[{"id":13634,"href":"https:\/\/haberbesiktas.tr\/index.php?rest_route=\/wp\/v2\/posts\/13632\/revisions\/13634"}],"wp:featuredmedia":[{"embeddable":true,"href":"https:\/\/haberbesiktas.tr\/index.php?rest_route=\/wp\/v2\/media\/13633"}],"wp:attachment":[{"href":"https:\/\/haberbesiktas.tr\/index.php?rest_route=%2Fwp%2Fv2%2Fmedia&parent=13632"}],"wp:term":[{"taxonomy":"category","embeddable":true,"href":"https:\/\/haberbesiktas.tr\/index.php?rest_route=%2Fwp%2Fv2%2Fcategories&post=13632"},{"taxonomy":"post_tag","embeddable":true,"href":"https:\/\/haberbesiktas.tr\/index.php?rest_route=%2Fwp%2Fv2%2Ftags&post=13632"}],"curies":[{"name":"wp","href":"https:\/\/api.w.org\/{rel}","templated":true}]}}