{"id":13645,"date":"2025-03-03T11:36:07","date_gmt":"2025-03-03T11:36:07","guid":{"rendered":"https:\/\/haberbesiktas.tr\/?p=13645"},"modified":"2025-03-03T11:36:07","modified_gmt":"2025-03-03T11:36:07","slug":"samsunspor-fifa-kulup-avukati-dincer-fifa-nezdinde-borc-ve-acik-dava-bulunmamaktadir","status":"publish","type":"post","link":"https:\/\/haberbesiktas.tr\/?p=13645","title":{"rendered":"Samsunspor F\u0130FA kul\u00fcp avukat\u0131 Din\u00e7er: &#8220;FIFA nezdinde bor\u00e7 ve a\u00e7\u0131k dava bulunmamaktad\u0131r&#8221;"},"content":{"rendered":"<div><span><span>Trendyol S\u00fcper Lig tak\u0131mlar\u0131ndan Reeder Samsunspor&#8217;un kul\u00fcp avukat\u0131 An\u0131l Din\u00e7er, FIFA nezdinde kul\u00fcb\u00fcn borcu ve a\u00e7\u0131k davas\u0131 bulunmad\u0131\u011f\u0131n\u0131 a\u00e7\u0131klad\u0131.\u00a0<\/span><\/span> Din\u00e7er, yaz\u0131l\u0131 a\u00e7\u0131klamas\u0131nda, Samsunspor&#8217;un eski futbolcular\u0131ndan Moryke Fofana da dahil olmak \u00fczere d\u00f6rt futbolcunun kul\u00fcp taraf\u0131ndan yap\u0131lan testlere kat\u0131lmad\u0131\u011f\u0131n\u0131, bunun \u00fczerine kul\u00fcb\u00fcn ilgili futbolculara disiplin cezas\u0131 verdi\u011fini belirtti.<\/p>\n<p> S\u00fcre\u00e7 sonras\u0131nda Fofana&#8217;n\u0131n FIFA&#8217;ya ba\u015fvurdu\u011funu ve dava sonucunda oyuncunun k\u0131smen hakl\u0131 bulundu\u011funu aktaran Din\u00e7er, \u015f\u00f6yle devam etti:<\/p>\n<p> &#8220;Kendisiyle yap\u0131lan g\u00f6r\u00fc\u015fmeler sonucunda kelam konusu evrak, Kas\u0131m 2024&#8217;te FIFA nezdinde kapat\u0131lm\u0131\u015ft\u0131r. \u015eu anda FIFA nezdinde kul\u00fcb\u00fcm\u00fcz\u00fcn hi\u00e7bir borcu ve a\u00e7\u0131k davas\u0131 bulunmamaktad\u0131r. Samsunspor Futbol Kul\u00fcb\u00fc olarak liderimiz Y\u00fcksel Y\u0131ld\u0131r\u0131m&#8217;\u0131n \u00f6nc\u00fcl\u00fc\u011f\u00fcnde t\u00fcm t\u00fczel ve ekonomik s\u00fcre\u00e7leri b\u00fcy\u00fck hassasiyet ve titizlikle y\u00fcr\u00fctmekteyiz. Kul\u00fcb\u00fcm\u00fcz, bir daha transfer yasa\u011f\u0131 ile kar\u015f\u0131 kar\u015f\u0131ya kalmayacakt\u0131r. Buna kar\u015f\u0131n aylar evvel kapanm\u0131\u015f bir belge \u00fczerinden kamuoyunu \u015fuurlu halde yan\u0131ltmaya \u00e7al\u0131\u015fanlar\u0131n d\u00fcnk\u00fc yenilginin akabinde bu t\u00fcrl\u00fc bir te\u015febb\u00fcste bulunmalar\u0131 manidard\u0131r.&#8221;<\/p>\n<p> Samsunspor&#8217;un ismini kullanarak kamuoyu ile taraftar\u0131 yan\u0131ltmaya \u00e7al\u0131\u015fan mak\u00fbs niyetli ki\u015fi ve kurumlar hakk\u0131nda hukuksal s\u00fcre\u00e7 ba\u015flat\u0131p savc\u0131l\u0131\u011fa hata duyurusunda bulunacaklar\u0131n\u0131n alt\u0131n\u0131 \u00e7izen Din\u00e7er, Avrupa yolunda ilerleyen kul\u00fcplerine mahzur olmaya \u00e7al\u0131\u015fan herkesin gereken t\u00fcrel kar\u015f\u0131l\u0131\u011f\u0131 alaca\u011f\u0131n\u0131 kaydetti.<\/p>\n<\/div>\n","protected":false},"excerpt":{"rendered":"<p>Trendyol S\u00fcper Lig gruplar\u0131ndan Reeder Samsunspor&#8217;un kul\u00fcp avukat\u0131 An\u0131l Din\u00e7er, FIFA nezdinde kul\u00fcb\u00fcn borcu ve a\u00e7\u0131k davas\u0131 bulunmad\u0131\u011f\u0131n\u0131 bildirdi.<\/p>\n","protected":false},"author":1,"featured_media":13646,"comment_status":"open","ping_status":"open","sticky":false,"template":"","format":"standard","meta":{"footnotes":""},"categories":[10],"tags":[],"class_list":["post-13645","post","type-post","status-publish","format-standard","has-post-thumbnail","hentry","category-basketbol"],"_links":{"self":[{"href":"https:\/\/haberbesiktas.tr\/index.php?rest_route=\/wp\/v2\/posts\/13645","targetHints":{"allow":["GET"]}}],"collection":[{"href":"https:\/\/haberbesiktas.tr\/index.php?rest_route=\/wp\/v2\/posts"}],"about":[{"href":"https:\/\/haberbesiktas.tr\/index.php?rest_route=\/wp\/v2\/types\/post"}],"author":[{"embeddable":true,"href":"https:\/\/haberbesiktas.tr\/index.php?rest_route=\/wp\/v2\/users\/1"}],"replies":[{"embeddable":true,"href":"https:\/\/haberbesiktas.tr\/index.php?rest_route=%2Fwp%2Fv2%2Fcomments&post=13645"}],"version-history":[{"count":1,"href":"https:\/\/haberbesiktas.tr\/index.php?rest_route=\/wp\/v2\/posts\/13645\/revisions"}],"predecessor-version":[{"id":13647,"href":"https:\/\/haberbesiktas.tr\/index.php?rest_route=\/wp\/v2\/posts\/13645\/revisions\/13647"}],"wp:featuredmedia":[{"embeddable":true,"href":"https:\/\/haberbesiktas.tr\/index.php?rest_route=\/wp\/v2\/media\/13646"}],"wp:attachment":[{"href":"https:\/\/haberbesiktas.tr\/index.php?rest_route=%2Fwp%2Fv2%2Fmedia&parent=13645"}],"wp:term":[{"taxonomy":"category","embeddable":true,"href":"https:\/\/haberbesiktas.tr\/index.php?rest_route=%2Fwp%2Fv2%2Fcategories&post=13645"},{"taxonomy":"post_tag","embeddable":true,"href":"https:\/\/haberbesiktas.tr\/index.php?rest_route=%2Fwp%2Fv2%2Ftags&post=13645"}],"curies":[{"name":"wp","href":"https:\/\/api.w.org\/{rel}","templated":true}]}}