{"id":13648,"date":"2025-03-03T11:48:08","date_gmt":"2025-03-03T11:48:08","guid":{"rendered":"https:\/\/haberbesiktas.tr\/?p=13648"},"modified":"2025-03-03T11:48:08","modified_gmt":"2025-03-03T11:48:08","slug":"caykur-rizespor-sabrimizi-sinamayin-emegimizi-calmayin-2","status":"publish","type":"post","link":"https:\/\/haberbesiktas.tr\/?p=13648","title":{"rendered":"\u00c7aykur Rizespor: &#8220;Sabr\u0131m\u0131z\u0131 s\u0131namay\u0131n, eme\u011fimizi \u00e7almay\u0131n&#8221;"},"content":{"rendered":"<div>\u00c7aykur Rizespor Kul\u00fcp Ba\u015fkan\u0131 \u0130brahim Turgut, Fenerbah\u00e7e ma\u00e7\u0131n\u0131n akabinde yaz\u0131l\u0131 a\u00e7\u0131klama yaparak\u00a0&#8220;Bu gece bir kentin, bir toplulu\u011fun de\u011ferlisi olan Rizespor&#8217;un hakk\u0131yla galip gelmesine m\u00fcsaade verilmemi\u015ftir&#8221; dedi.<\/p>\n<p>\u0130\u015fte o a\u00e7\u0131klama:<\/p>\n<p>&#8220;Bug\u00fcn oynad\u0131\u011f\u0131m\u0131z Fenerbah\u00e7e \u2013 \u00c7aykur Rizespor ma\u00e7\u0131nda alanda ya\u015fananlar T\u00fcrk futbolu ismine tarihe kara bir gece olarak not d\u00fc\u015f\u00fclecektir. \u00c7aykur Rizespor Kul\u00fcb\u00fc futbol ekibini bug\u00fcn alandan \u00e7ekilmediyse bunun sebebi; T\u00fcrk futbolunun d\u00fcnya genelinde prestijinin zedelenmemesi i\u00e7indir.<\/p>\n<p> \u00c7aykur Rizespor Kul\u00fcb\u00fc i\u00e7in birilerinin kirli bir senaryo pe\u015finde ko\u015ftu\u011funun fark\u0131nday\u0131z. Son 5 d\u00f6nem i\u00e7erisinde Rizespor aleyhinde ak\u0131l almaz kararlar verildi. Muhakkak ki birileri Rizespor \u00fczerinde oyunlar kurmaya \u00e7al\u0131\u015f\u0131yor. \u00c7aykur Rizespor Kul\u00fcb\u00fc olarak \u00e7\u0131k\u0131p y\u00fczlerine hayk\u0131rm\u0131yorsak T\u00fcrk futbolunun gelece\u011fi i\u00e7indir.<\/p>\n<p> Ancak art\u0131k k\u00e2fi, eme\u011fimizin \u00e7al\u0131nmas\u0131na m\u00fcsaade vermeyece\u011fiz. Bug\u00fcn alanda ma\u00e7 y\u00f6neten hakemin ak\u015fam yata\u011f\u0131nda nas\u0131l uyuyaca\u011f\u0131n\u0131 merak ediyoruz. Bu gece bir kentin, bir toplulu\u011fun de\u011ferlisi olan Rizespor&#8217;un hakk\u0131yla galip gelmesine m\u00fcsaade verilmemi\u015ftir.<\/p>\n<p> T\u00fcrkiye Futbol Federasyonuna davette bulunmak istiyoruz. Art\u0131k bu duruma acil m\u00fcdahale edilmelidir. Biz, uzun vakittir futbolda adaletin sa\u011flanmas\u0131ndan ve itimad\u0131n tekrar tesis edilmesinden yanay\u0131z. Biz spor ahlak\u0131yla davranmaya devam ettik\u00e7e maalesef ahlaks\u0131zlar hudut tan\u0131mamaya devam ediyor. TFF&#8217;nin toparlanma s\u00fcrecine girmesi umulurken, federasyonumuz her hafta ortaya \u00e7\u0131kan kaoslar\u0131n \u00f6n\u00fcne ge\u00e7mek i\u00e7in daha ne bekliyor?<\/p>\n<p> A\u00e7\u0131k a\u00e7\u0131k g\u00f6r\u00fcl\u00fcyor ki birileri bozuk tertipten yararlanmaya \u00e7al\u0131\u015f\u0131yor. B\u00fct\u00fcn futbol payda\u015flar\u0131na davette bulunuyoruz. El birli\u011fiyle bu d\u00fczensizli\u011fi ortadan kald\u0131rmal\u0131y\u0131z. Birtak\u0131m hakemlerin ikili standart uygulamas\u0131 T\u00fcrk hakemlik toplulu\u011funa yap\u0131lan en b\u00fcy\u00fck d\u00fc\u015fmanl\u0131kt\u0131r. Tahminen bir \u015feyleri d\u00fczeltir diye umut ba\u011flad\u0131\u011f\u0131m\u0131z yabanc\u0131 VAR hakemli\u011fi uygulamas\u0131 da bu kara gecede s\u0131n\u0131fta kalm\u0131\u015ft\u0131r. Her hafta, alanlarda birinci kere g\u00f6r\u00fclm\u00fc\u015f uygulamalar\u0131 Rizespor ma\u00e7lar\u0131nda g\u00f6r\u00fcyoruz. \u015eayet Rizespor bu ak\u015fam yenik duruma d\u00fc\u015fmeseydi tahminen 8 ki\u015fi, o da yetmezse 7 ki\u015fi b\u0131rak\u0131lacakt\u0131. Merkez Hakem Konseyine seslenmek istiyoruz: &#8220;bizden ne istiyoruz?&#8221;, tekrar soruyoruz &#8220;bizimle ne al\u0131p veremedi\u011finiz VAR?&#8221;<\/p>\n<p> Yaln\u0131zca B\u00fcy\u00fck Rizespor Ailesi de\u011fil T\u00fcrk spor kamuoyu da bu ak\u015fam alanda ya\u015fananlardan rahats\u0131zl\u0131k duyuyor. Haftaya nas\u0131l abs\u00fcrt kararlarla kar\u015f\u0131la\u015faca\u011f\u0131m\u0131za hayal bile edemiyoruz. Alanda emeli adalet da\u011f\u0131tmak olmayan hakemlere sesleniyoruz, &#8220;sabr\u0131m\u0131z\u0131 s\u0131namay\u0131n, eme\u011fimizi \u00e7almay\u0131n!&#8221;<\/p>\n<p> <strong>YETER ARTIK DURUN!<\/strong><\/p>\n<p> <strong>\u0130brahim TURGUT<\/strong><br \/><strong>\u00c7aykur Rizespor Kul\u00fcb\u00fc<\/strong><br \/><strong>Y\u00f6netim \u015euras\u0131 Ba\u015fkan\u0131&#8221;<\/p>\n<p>\u00c7AYKUR R\u0130ZESPOR&#8217;DAN PAYLA\u015eIMLAR<br \/><\/strong><br \/>\u00d6te yandan Trendyol Harika Lig&#8217;in 21. haftas\u0131nda Fenerbah\u00e7e&#8217;ye konuk olan ve iki k\u0131rm\u0131z\u0131 kart g\u00f6rerek 9 ki\u015fi kalan \u00c7aykur Rizespor, ma\u00e7\u0131n oynand\u0131\u011f\u0131 esnada fla\u015f bir payla\u015f\u0131mda bulundu.\u00a0<\/p>\n<p>Karadeniz tak\u0131m\u0131, birinci yapt\u0131\u011f\u0131 payla\u015f\u0131mda &#8220;bitti&#8221; tabirini kulland\u0131. \u00d6te yandan m\u00fcsabakan\u0131n akabinde &#8220;Ma\u00e7 sonucu: atana kadar&#8221; payla\u015f\u0131m\u0131 yap\u0131ld\u0131.<strong><\/p>\n<p><img decoding=\"async\" src=\"https:\/\/haberbesiktas.tr\/wp-content\/uploads\/2025\/03\/caykur-rizespor-sabrimizi-sinamayin-emegimizi-calmayin-0-W7waXQm8.jpg\"\/><\/p>\n<p><strong><img decoding=\"async\" src=\"https:\/\/haberbesiktas.tr\/wp-content\/uploads\/2025\/03\/caykur-rizespor-sabrimizi-sinamayin-emegimizi-calmayin-1-pGM7QNBi.jpg\"\/><\/strong><br \/><\/strong><\/p>\n<\/div>\n","protected":false},"excerpt":{"rendered":"<p>\u00c7aykur Rizespor Kul\u00fcp Ba\u015fkan\u0131 \u0130brahim Turgut, Fenerbah\u00e7e ma\u00e7\u0131n\u0131n akabinde yaz\u0131l\u0131 a\u00e7\u0131klama yapt\u0131.<\/p>\n","protected":false},"author":1,"featured_media":13649,"comment_status":"open","ping_status":"open","sticky":false,"template":"","format":"standard","meta":{"footnotes":""},"categories":[10],"tags":[1369,172,62,50,74],"class_list":["post-13648","post","type-post","status-publish","format-standard","has-post-thumbnail","hentry","category-basketbol","tag-caykur-rizespor","tag-futbol","tag-hakem","tag-mac","tag-rizespor"],"_links":{"self":[{"href":"https:\/\/haberbesiktas.tr\/index.php?rest_route=\/wp\/v2\/posts\/13648","targetHints":{"allow":["GET"]}}],"collection":[{"href":"https:\/\/haberbesiktas.tr\/index.php?rest_route=\/wp\/v2\/posts"}],"about":[{"href":"https:\/\/haberbesiktas.tr\/index.php?rest_route=\/wp\/v2\/types\/post"}],"author":[{"embeddable":true,"href":"https:\/\/haberbesiktas.tr\/index.php?rest_route=\/wp\/v2\/users\/1"}],"replies":[{"embeddable":true,"href":"https:\/\/haberbesiktas.tr\/index.php?rest_route=%2Fwp%2Fv2%2Fcomments&post=13648"}],"version-history":[{"count":1,"href":"https:\/\/haberbesiktas.tr\/index.php?rest_route=\/wp\/v2\/posts\/13648\/revisions"}],"predecessor-version":[{"id":13652,"href":"https:\/\/haberbesiktas.tr\/index.php?rest_route=\/wp\/v2\/posts\/13648\/revisions\/13652"}],"wp:featuredmedia":[{"embeddable":true,"href":"https:\/\/haberbesiktas.tr\/index.php?rest_route=\/wp\/v2\/media\/13649"}],"wp:attachment":[{"href":"https:\/\/haberbesiktas.tr\/index.php?rest_route=%2Fwp%2Fv2%2Fmedia&parent=13648"}],"wp:term":[{"taxonomy":"category","embeddable":true,"href":"https:\/\/haberbesiktas.tr\/index.php?rest_route=%2Fwp%2Fv2%2Fcategories&post=13648"},{"taxonomy":"post_tag","embeddable":true,"href":"https:\/\/haberbesiktas.tr\/index.php?rest_route=%2Fwp%2Fv2%2Ftags&post=13648"}],"curies":[{"name":"wp","href":"https:\/\/api.w.org\/{rel}","templated":true}]}}