{"id":13748,"date":"2025-03-03T18:48:05","date_gmt":"2025-03-03T18:48:05","guid":{"rendered":"https:\/\/haberbesiktas.tr\/?p=13748"},"modified":"2025-03-03T18:48:05","modified_gmt":"2025-03-03T18:48:05","slug":"fenerbahcenin-golculeri-kadikoyu-bayram-yerine-cevirdi","status":"publish","type":"post","link":"https:\/\/haberbesiktas.tr\/?p=13748","title":{"rendered":"Fenerbah\u00e7e&#8217;nin golc\u00fcleri, Kad\u0131k\u00f6y&#8217;\u00fc bayram yerine \u00e7evirdi"},"content":{"rendered":"<div>Fenerbah\u00e7e, \u00c7aykur Rizespor kar\u015f\u0131s\u0131nda forvetleriyle galibiyete ilerledi.<\/p>\n<p> Sar\u0131-Lacivertliler birinci yar\u0131da 2-0 geriye d\u00fc\u015ft\u00fc\u011f\u00fc \u00e7abada Edin Dzeko&#8217;nun penalt\u0131s\u0131yla ikinci yar\u0131ya bir farkla girdi, umutlar\u0131n\u0131 ye\u015fertti.<\/p>\n<p> \u0130kinci devrede kurulan harikulade bask\u0131 sonucunda Dzeko, gol\u00fcyle tekrar sahneye \u00e7\u0131kt\u0131. Youssef En-Nesyri&#8217;nin de art\u0131k klasikle\u015fen enfes ba\u015f gol\u00fc Kad\u0131k\u00f6y&#8217;\u00fc bayram yerine \u00e7evirdi.<\/p>\n<p> Kanarya, bir sefer daha forvetleriyle 3 puana uzand\u0131. Sar\u0131-Lacivertli grup, G\u00f6ztepe ma\u00e7\u0131ndan sonra \u00c7aykur Rize \u00f6n\u00fcnde de 3 gol\u00fc galibiyet ald\u0131.<\/p>\n<p> <strong>FORVETLER\u0130N FEVKALADE SER\u0130S\u0130<\/strong><\/p>\n<p> Edin Dzeko d\u00fcn ak\u015fam 2 sefer a\u011flar\u0131 sarsarak bu sezon S\u00fcper Lig&#8217;de gol say\u0131s\u0131n\u0131 12&#8217;ye y\u00fckseltti. Dzeko ge\u00e7en sezon ligde 20 gole ula\u015f\u0131rken, bu d\u00f6nem 22 haftada 12 gole ula\u015ft\u0131.<\/p>\n<p> Son haflar\u0131n formda y\u0131ld\u0131z\u0131 En-Nesyri ise d\u00fcn ak\u015famki ba\u015f gol\u00fcyle beraber S\u00fcper Lig&#8217;de 13. kere sevindi.<\/p>\n<p> Fasl\u0131 forvet; oynad\u0131\u011f\u0131 son 7 lig ma\u00e7\u0131nda rakip filelere tam 10 gol g\u00f6nderdi. \u00d6te yandan En-Nesyri; S\u00fcper Lig, Avrupa Ligi ve T\u00fcrkiye Kupas\u0131&#8217;nda toplam 32 resmi ma\u00e7a \u00e7\u0131karken 18 gole ula\u015ft\u0131 ve b\u00f6ylelikle mesle\u011finin en uygun periyodunu yakalad\u0131.\u00a0<\/p>\n<div>\u00a0<\/div>\n<\/div>\n","protected":false},"excerpt":{"rendered":"<p>Fenerbah\u00e7e&#8217;yi 2 farkl\u0131 geriye d\u00fc\u015ft\u00fc\u011f\u00fc ma\u00e7ta forvetleri ta\u015f\u0131d\u0131. Edin Dzeko&#8217;nun golleri ve Youssef En-Nesyri&#8217;nin ba\u015f vuru\u015fu Kad\u0131k\u00f6y&#8217;\u00fc co\u015fturdu.<\/p>\n","protected":false},"author":1,"featured_media":13749,"comment_status":"open","ping_status":"open","sticky":false,"template":"","format":"standard","meta":{"footnotes":""},"categories":[25],"tags":[77,51],"class_list":["post-13748","post","type-post","status-publish","format-standard","has-post-thumbnail","hentry","category-futbol","tag-gol","tag-lig"],"_links":{"self":[{"href":"https:\/\/haberbesiktas.tr\/index.php?rest_route=\/wp\/v2\/posts\/13748","targetHints":{"allow":["GET"]}}],"collection":[{"href":"https:\/\/haberbesiktas.tr\/index.php?rest_route=\/wp\/v2\/posts"}],"about":[{"href":"https:\/\/haberbesiktas.tr\/index.php?rest_route=\/wp\/v2\/types\/post"}],"author":[{"embeddable":true,"href":"https:\/\/haberbesiktas.tr\/index.php?rest_route=\/wp\/v2\/users\/1"}],"replies":[{"embeddable":true,"href":"https:\/\/haberbesiktas.tr\/index.php?rest_route=%2Fwp%2Fv2%2Fcomments&post=13748"}],"version-history":[{"count":1,"href":"https:\/\/haberbesiktas.tr\/index.php?rest_route=\/wp\/v2\/posts\/13748\/revisions"}],"predecessor-version":[{"id":13750,"href":"https:\/\/haberbesiktas.tr\/index.php?rest_route=\/wp\/v2\/posts\/13748\/revisions\/13750"}],"wp:featuredmedia":[{"embeddable":true,"href":"https:\/\/haberbesiktas.tr\/index.php?rest_route=\/wp\/v2\/media\/13749"}],"wp:attachment":[{"href":"https:\/\/haberbesiktas.tr\/index.php?rest_route=%2Fwp%2Fv2%2Fmedia&parent=13748"}],"wp:term":[{"taxonomy":"category","embeddable":true,"href":"https:\/\/haberbesiktas.tr\/index.php?rest_route=%2Fwp%2Fv2%2Fcategories&post=13748"},{"taxonomy":"post_tag","embeddable":true,"href":"https:\/\/haberbesiktas.tr\/index.php?rest_route=%2Fwp%2Fv2%2Ftags&post=13748"}],"curies":[{"name":"wp","href":"https:\/\/api.w.org\/{rel}","templated":true}]}}