{"id":1376,"date":"2025-01-06T03:30:43","date_gmt":"2025-01-06T03:30:43","guid":{"rendered":"https:\/\/haberbesiktas.tr\/?p=1376"},"modified":"2025-01-06T03:30:43","modified_gmt":"2025-01-06T03:30:43","slug":"aybaba-ankara-donusu-konusacak","status":"publish","type":"post","link":"https:\/\/haberbesiktas.tr\/?p=1376","title":{"rendered":"Aybaba, Ankara d\u00f6n\u00fc\u015f\u00fc konu\u015facak"},"content":{"rendered":"<div>Bursaspor, hafta sonu Ankaraspor ile yapaca\u011f\u0131 ma\u00e7\u0131n haz\u0131rl\u0131klar\u0131n\u0131 s\u00fcrd\u00fcr\u00fcyor. \u00d6zl\u00fcce Tesisleri&#8217;nde, teknik y\u00f6netici Samet Aybaba nezaretinde yap\u0131lan ve yakla\u015f\u0131k 1,5 saat s\u00fcren idman, \u0131s\u0131nma ko\u015fular\u0131yla ba\u015flad\u0131. Ye\u015fil-beyazl\u0131 futbolcular, pas \u00e7al\u0131\u015fmas\u0131n\u0131n akabinde yar\u0131 alanda ma\u00e7 yapt\u0131. <\/p>\n<p\/>Samet Aybaba, bas\u0131n mensuplar\u0131n\u0131n toplant\u0131 talebini, &#8221;Ankaraspor ma\u00e7\u0131 sonras\u0131 hafta i\u00e7i Bursa&#8217;ya gelip kapsaml\u0131 bir bas\u0131n toplant\u0131s\u0131 d\u00fczenleyece\u011fim&#8221; diyerek geri \u00e7evirdi. Bursaspor, yar\u0131n sabah Ankara&#8217;ya gidecek. <\/p>\n<\/div>\n","protected":false},"excerpt":{"rendered":"<p>Bursaspor, hafta sonu Ankaraspor ile yapaca\u011f\u0131 ma\u00e7\u0131n haz\u0131rl\u0131klar\u0131n\u0131 s\u00fcrd\u00fcr\u00fcyor. \u00d6zl\u00fcce Tesisleri&#8217;nde, teknik y\u00f6netici Samet Aybaba nezaretinde yap\u0131lan ve yakla\u015f\u0131k 1,5 saat s\u00fcren idman, \u0131s\u0131nma ko\u015fular\u0131yla ba\u015flad\u0131. Ye\u015fil-beyazl\u0131 futbolcular, pas &#8230;<\/p>\n","protected":false},"author":1,"featured_media":1377,"comment_status":"open","ping_status":"open","sticky":false,"template":"","format":"standard","meta":{"footnotes":""},"categories":[25],"tags":[],"class_list":["post-1376","post","type-post","status-publish","format-standard","has-post-thumbnail","hentry","category-futbol"],"_links":{"self":[{"href":"https:\/\/haberbesiktas.tr\/index.php?rest_route=\/wp\/v2\/posts\/1376","targetHints":{"allow":["GET"]}}],"collection":[{"href":"https:\/\/haberbesiktas.tr\/index.php?rest_route=\/wp\/v2\/posts"}],"about":[{"href":"https:\/\/haberbesiktas.tr\/index.php?rest_route=\/wp\/v2\/types\/post"}],"author":[{"embeddable":true,"href":"https:\/\/haberbesiktas.tr\/index.php?rest_route=\/wp\/v2\/users\/1"}],"replies":[{"embeddable":true,"href":"https:\/\/haberbesiktas.tr\/index.php?rest_route=%2Fwp%2Fv2%2Fcomments&post=1376"}],"version-history":[{"count":1,"href":"https:\/\/haberbesiktas.tr\/index.php?rest_route=\/wp\/v2\/posts\/1376\/revisions"}],"predecessor-version":[{"id":1378,"href":"https:\/\/haberbesiktas.tr\/index.php?rest_route=\/wp\/v2\/posts\/1376\/revisions\/1378"}],"wp:featuredmedia":[{"embeddable":true,"href":"https:\/\/haberbesiktas.tr\/index.php?rest_route=\/wp\/v2\/media\/1377"}],"wp:attachment":[{"href":"https:\/\/haberbesiktas.tr\/index.php?rest_route=%2Fwp%2Fv2%2Fmedia&parent=1376"}],"wp:term":[{"taxonomy":"category","embeddable":true,"href":"https:\/\/haberbesiktas.tr\/index.php?rest_route=%2Fwp%2Fv2%2Fcategories&post=1376"},{"taxonomy":"post_tag","embeddable":true,"href":"https:\/\/haberbesiktas.tr\/index.php?rest_route=%2Fwp%2Fv2%2Ftags&post=1376"}],"curies":[{"name":"wp","href":"https:\/\/api.w.org\/{rel}","templated":true}]}}