{"id":1379,"date":"2025-01-06T03:42:43","date_gmt":"2025-01-06T03:42:43","guid":{"rendered":"https:\/\/haberbesiktas.tr\/?p=1379"},"modified":"2025-01-06T03:42:43","modified_gmt":"2025-01-06T03:42:43","slug":"sogan-torbalarindan-voleybol-filesi-yapan-cocuklar-macta","status":"publish","type":"post","link":"https:\/\/haberbesiktas.tr\/?p=1379","title":{"rendered":"&#8220;So\u011fan torbalar\u0131ndan voleybol filesi&#8221; yapan \u00e7ocuklar ma\u00e7ta"},"content":{"rendered":"<p>Hatay&#8217;\u0131n K\u0131r\u0131khan il\u00e7esinde so\u011fan torbalar\u0131n\u0131 dikerek voleybol filesi yapan ve toplumsal medyada ilgi g\u00f6ren \u00e7ocuklar, Vodafone Sultanlar Ligi gruplar\u0131ndan Aras Kargo&#8217;nun Eczac\u0131ba\u015f\u0131 Dynavit ile \u0130zmir&#8217;de oynad\u0131\u011f\u0131 ma\u00e7\u0131 izledi.<\/p>\n<p> Ma\u00e7 \u00f6ncesi \u00f6\u011fretmenleri e\u015fli\u011finde spor salonuna gelen 9 \u00f6\u011frenciye Aras Kargo Genel M\u00fcd\u00fcr\u00fc, Y\u00f6netim Kurulu \u00dcyesi ve Aras Kargo Spor Kul\u00fcb\u00fc \u0130dare \u015euras\u0131 Lideri Utku Ayyark\u0131n, forma, atk\u0131 ve voleybol topu ikram etti.<\/p>\n<p> Oyuncularla hat\u0131ra foto\u011fraf\u0131 \u00e7ektiren, ma\u00e7 \u00f6ncesi seremoniye de kat\u0131lan \u00f6\u011frenciler, m\u00fcsabakay\u0131 lider Ayyark\u0131n ve Aras Kargo y\u00f6neticileriyle izledi.<\/p>\n<p> Ayyark\u0131n, yapt\u0131\u011f\u0131 yaz\u0131l\u0131 a\u00e7\u0131klamada, Aras Kargo olarak uzun y\u0131llard\u0131r T\u00fcrk sporuna federasyon ve kul\u00fcpler seviyesinde takviye verdiklerini belirtti.<\/p>\n<p> Sporun birle\u015ftirici g\u00fcc\u00fcne inand\u0131klar\u0131n\u0131 ve T\u00fcrkiye&#8217;de voleybola g\u00f6sterilen sevgiye paha verdiklerini vurgulayan Ayyark\u0131n, \u015funlar\u0131 kaydetti:<\/p>\n<p> &#8220;Spora takviyelerimiz ve atletlerimiz ile \u00e7ocuklar\u0131n da hayat\u0131na dokunuyoruz. K\u0131sa bir m\u00fchlet evvel toplumsal medyada Hatay&#8217;da so\u011fan torbalar\u0131ndan file yap\u0131p voleybol oynayan \u00f6\u011frencilerimizin g\u00f6r\u00fcnt\u00fcs\u00fcn\u00fc g\u00f6rmek bizi duyguland\u0131rd\u0131. \u00c7ocuklar\u0131n g\u00f6r\u00fcnt\u00fcdeki heyecan\u0131n\u0131 g\u00f6rd\u00fckten sonra, sevin\u00e7lerine ortak olmak ve onlara unutamayacaklar\u0131 bir an\u0131 ya\u015fatmak i\u00e7in \u00e7ocuklar\u0131m\u0131z\u0131 \u0130zmir&#8217;de ger\u00e7ekle\u015fen ma\u00e7\u0131m\u0131za davet ettik. Ma\u00e7\u0131 Hatay&#8217;dan gelen \u00e7ocuklar\u0131m\u0131zla birlikte izleyerek, onlar\u0131n heyecan\u0131na ortak olduk. Voleybol ile gelece\u011fimiz olan \u00e7ocuklar\u0131m\u0131z\u0131n hayallerine k\u00f6pr\u00fc olmak bizim i\u00e7in b\u00fcy\u00fck memnunluk ve motivasyon kayna\u011f\u0131 oldu. Bu s\u00fcre\u00e7te bize takviye olan, \u00e7ocuklar\u0131m\u0131zla bir ortaya gelmemize vesile olan T\u00fcrkiye Voleybol Federasyonu&#8217;na da te\u015fekk\u00fcrlerimizi sunuyoruz. Aras Kargo olarak ba\u015fta \u00e7ocuklar\u0131m\u0131z olmak \u00fczere sporun \u00fclkemizin her yerinde yayg\u0131nla\u015fmas\u0131 i\u00e7in \u00e7al\u0131\u015fmalar\u0131m\u0131z\u0131 s\u00fcrd\u00fcrece\u011fiz.&#8221;<\/p>\n","protected":false},"excerpt":{"rendered":"<p>So\u011fan torbalar\u0131n\u0131 dikerek voleybol filesi yapan ve toplumsal medyada ilgi g\u00f6ren \u00e7ocuklar, Sultanlar Ligi tak\u0131mlar\u0131ndan Aras Kargo-Eczac\u0131ba\u015f\u0131 ma\u00e7\u0131n\u0131 izledi.<\/p>\n","protected":false},"author":1,"featured_media":1380,"comment_status":"open","ping_status":"open","sticky":false,"template":"","format":"standard","meta":{"footnotes":""},"categories":[39],"tags":[105,106,50,65,104],"class_list":["post-1379","post","type-post","status-publish","format-standard","has-post-thumbnail","hentry","category-voleybol","tag-aras-kargo","tag-cocuklarimiz","tag-mac","tag-spor","tag-voleybol"],"_links":{"self":[{"href":"https:\/\/haberbesiktas.tr\/index.php?rest_route=\/wp\/v2\/posts\/1379","targetHints":{"allow":["GET"]}}],"collection":[{"href":"https:\/\/haberbesiktas.tr\/index.php?rest_route=\/wp\/v2\/posts"}],"about":[{"href":"https:\/\/haberbesiktas.tr\/index.php?rest_route=\/wp\/v2\/types\/post"}],"author":[{"embeddable":true,"href":"https:\/\/haberbesiktas.tr\/index.php?rest_route=\/wp\/v2\/users\/1"}],"replies":[{"embeddable":true,"href":"https:\/\/haberbesiktas.tr\/index.php?rest_route=%2Fwp%2Fv2%2Fcomments&post=1379"}],"version-history":[{"count":1,"href":"https:\/\/haberbesiktas.tr\/index.php?rest_route=\/wp\/v2\/posts\/1379\/revisions"}],"predecessor-version":[{"id":1381,"href":"https:\/\/haberbesiktas.tr\/index.php?rest_route=\/wp\/v2\/posts\/1379\/revisions\/1381"}],"wp:featuredmedia":[{"embeddable":true,"href":"https:\/\/haberbesiktas.tr\/index.php?rest_route=\/wp\/v2\/media\/1380"}],"wp:attachment":[{"href":"https:\/\/haberbesiktas.tr\/index.php?rest_route=%2Fwp%2Fv2%2Fmedia&parent=1379"}],"wp:term":[{"taxonomy":"category","embeddable":true,"href":"https:\/\/haberbesiktas.tr\/index.php?rest_route=%2Fwp%2Fv2%2Fcategories&post=1379"},{"taxonomy":"post_tag","embeddable":true,"href":"https:\/\/haberbesiktas.tr\/index.php?rest_route=%2Fwp%2Fv2%2Ftags&post=1379"}],"curies":[{"name":"wp","href":"https:\/\/api.w.org\/{rel}","templated":true}]}}