{"id":1382,"date":"2025-01-06T03:54:45","date_gmt":"2025-01-06T03:54:45","guid":{"rendered":"https:\/\/haberbesiktas.tr\/?p=1382"},"modified":"2025-01-06T03:54:45","modified_gmt":"2025-01-06T03:54:45","slug":"dakar-rallisiinde-ikinci-etap-basladi","status":"publish","type":"post","link":"https:\/\/haberbesiktas.tr\/?p=1382","title":{"rendered":"Dakar Rallisi&#8217;inde ikinci etap ba\u015flad\u0131"},"content":{"rendered":"<p>2025 Dakar Rallisi&#8217;nin iki g\u00fcn s\u00fcrecek ikinci etab\u0131nda birinci g\u00fcn gayretini araba kategorisinde Yazeed Al Rajhi, motosiklet s\u0131n\u0131f\u0131nda Daniel Sanders, birinci s\u0131rada bitirdi.<\/p>\n<p> Suudi Arabistan&#8217;da d\u00fczenlenen 47. Dakar Rallisi&#8217;nin Bi\u015fa kentinde d\u00fczenlenen 967 kilometrelik etab\u0131nda birinci g\u00fcn gayreti sona erdi.<\/p>\n<p> Yar\u0131\u015fmac\u0131lar, 600 kilometreden fazla yol katederek iki g\u00fcn s\u00fcrecek maraton etapta geceyi ge\u00e7irmek i\u00e7in kendilerine en yak\u0131n kamp alan\u0131na ula\u015ft\u0131 ve g\u00fcn\u00fc noktalad\u0131.<\/p>\n<p> Araba s\u0131n\u0131f\u0131nda Overdrive tak\u0131m\u0131ndan Suudi Arabistanl\u0131 Yazeed Al Rajhi, birinci g\u00fcn yar\u0131\u015f\u0131nda Katarl\u0131 Nasser Al-Attiyah&#8217;\u0131n (Dacia Sandriders) 1 dakika 19 saniye ve \u0130sve\u00e7li Mattias Ekstr\u00f6m&#8217;\u00fcn (Ford M-Sport) 8 dakika 55 saniye \u00f6n\u00fcnde birinci s\u0131rada yer ald\u0131.<\/p>\n<p> <strong>Motosiklette Sanders avantajl\u0131<\/strong><\/p>\n<p> Motosiklet kategorisinde Red Bull KTM kadrosundan Avustralyal\u0131 Daniel Sanders, g\u00fcn\u00fc birinci s\u0131rada tamamlad\u0131.<\/p>\n<p> Sanders, ABD&#8217;li Ricky Brabec&#8217;in (Monster Energy Honda) 40 saniye ve Botsvanal\u0131 Ross Branch&#8217;\u0131n (Hero) 3 dakika 51 saniye \u00f6n\u00fcnde g\u00fcn\u00fc bitirdi.<\/p>\n<p> Geceyi kamp alan\u0131nda ge\u00e7irecek \u015fof\u00f6rler, yar\u0131n sabah tekrar yola koyularak maratonda kalan aray\u0131 tamamlayacak ve 967 kilometrelik etab\u0131 noktalayacak.<\/p>\n","protected":false},"excerpt":{"rendered":"<p>\u0130ki g\u00fcn s\u00fcrecek ikinci etapta birinci g\u00fcn \u00e7abas\u0131n\u0131 araba kategorisinde Al Rajhi, motosiklet s\u0131n\u0131f\u0131nda Sanders dorukta tamamlad\u0131.<\/p>\n","protected":false},"author":1,"featured_media":1383,"comment_status":"open","ping_status":"open","sticky":false,"template":"","format":"standard","meta":{"footnotes":""},"categories":[27],"tags":[107],"class_list":["post-1382","post","type-post","status-publish","format-standard","has-post-thumbnail","hentry","category-guncel-haberler","tag-gun"],"_links":{"self":[{"href":"https:\/\/haberbesiktas.tr\/index.php?rest_route=\/wp\/v2\/posts\/1382","targetHints":{"allow":["GET"]}}],"collection":[{"href":"https:\/\/haberbesiktas.tr\/index.php?rest_route=\/wp\/v2\/posts"}],"about":[{"href":"https:\/\/haberbesiktas.tr\/index.php?rest_route=\/wp\/v2\/types\/post"}],"author":[{"embeddable":true,"href":"https:\/\/haberbesiktas.tr\/index.php?rest_route=\/wp\/v2\/users\/1"}],"replies":[{"embeddable":true,"href":"https:\/\/haberbesiktas.tr\/index.php?rest_route=%2Fwp%2Fv2%2Fcomments&post=1382"}],"version-history":[{"count":1,"href":"https:\/\/haberbesiktas.tr\/index.php?rest_route=\/wp\/v2\/posts\/1382\/revisions"}],"predecessor-version":[{"id":1384,"href":"https:\/\/haberbesiktas.tr\/index.php?rest_route=\/wp\/v2\/posts\/1382\/revisions\/1384"}],"wp:featuredmedia":[{"embeddable":true,"href":"https:\/\/haberbesiktas.tr\/index.php?rest_route=\/wp\/v2\/media\/1383"}],"wp:attachment":[{"href":"https:\/\/haberbesiktas.tr\/index.php?rest_route=%2Fwp%2Fv2%2Fmedia&parent=1382"}],"wp:term":[{"taxonomy":"category","embeddable":true,"href":"https:\/\/haberbesiktas.tr\/index.php?rest_route=%2Fwp%2Fv2%2Fcategories&post=1382"},{"taxonomy":"post_tag","embeddable":true,"href":"https:\/\/haberbesiktas.tr\/index.php?rest_route=%2Fwp%2Fv2%2Ftags&post=1382"}],"curies":[{"name":"wp","href":"https:\/\/api.w.org\/{rel}","templated":true}]}}