{"id":13830,"date":"2025-03-04T00:24:06","date_gmt":"2025-03-04T00:24:06","guid":{"rendered":"https:\/\/haberbesiktas.tr\/?p=13830"},"modified":"2025-03-04T00:24:06","modified_gmt":"2025-03-04T00:24:06","slug":"harrison-lukayi-takaslayarak-calkantili-bir-yaz-surecinin-onune-gectik","status":"publish","type":"post","link":"https:\/\/haberbesiktas.tr\/?p=13830","title":{"rendered":"Harrison: &#8220;Luka&#8217;y\u0131 takaslayarak, \u00e7alkant\u0131l\u0131 bir yaz s\u00fcrecinin \u00f6n\u00fcne ge\u00e7tik&#8221;"},"content":{"rendered":"<div>Dallas Mavericks genel menajeri Nico Harrison, y\u0131ld\u0131z oyuncusu Luka Doncic&#8217;i Los Angeles Lakers&#8217;a takas ederek &#8220;\u00e7alkant\u0131l\u0131 ge\u00e7me potansiyeli olan bir yaz d\u00f6neminin&#8221; \u00f6n\u00fcne ge\u00e7ti\u011fini s\u00f6yledi.<\/p>\n<p> Harrison, Dallas Morning News&#8217;den Brad Townsend&#8217;e yapt\u0131\u011f\u0131 a\u00e7\u0131klamada, Mavericks&#8217;in Doncic ile s\u00fcpermaksimum kontrat uzatma m\u00fczakereleri yapaca\u011f\u0131 &#8220;\u00e7alkant\u0131l\u0131 olmas\u0131 m\u00fcmk\u00fcn bir yaz d\u00f6neminin&#8221; \u00f6n\u00fcne ge\u00e7ti\u011fini tez etti:<\/p>\n<p> <strong>&#8220;S\u00fcpermaksimum kontrat i\u00e7in uygun olaca\u011f\u0131 ve ayr\u0131yeten rastgele bir mukaveleden \u00e7ekilme opsiyonuna bir y\u0131l uzakta olaca\u011f\u0131 i\u00e7in, sahiden \u00e7alkant\u0131l\u0131 bir yaz olaca\u011f\u0131n\u0131 d\u00fc\u015f\u00fcnd\u00fck. Ve b\u00f6ylelikle bunun \u00f6n\u00fcne ge\u00e7ti\u011fimizi hissettik. Ekiplerin kendisi m\u00fcsait olur olmaz tak\u0131ma katmak i\u00e7in s\u0131raya ge\u00e7eceklerinin fark\u0131ndayd\u0131k.&#8221;<\/strong><\/p>\n<p> Mavs&#8217;in Doncic&#8217;e aylar evvel &#8220;kondisyon eksikli\u011fi&#8221; nedeniyle s\u00fcpermaksimum uzatma kontrat\u0131 verme konusunda teredd\u00fct etmeye ba\u015flad\u0131\u011f\u0131 \u00f6ne s\u00fcr\u00fcld\u00fc.<\/p>\n<p> Dallas tak\u0131m\u0131n\u0131n ayr\u0131yeten Doncic i\u00e7in takas konusunda Lakers d\u0131\u015f\u0131nda di\u011fer bir grupla da g\u00f6r\u00fc\u015ft\u00fc\u011f\u00fc s\u00f6ylendi.<\/p>\n<p> Harrison son olarak, Doncic&#8217;e bu takas sonras\u0131 ileti att\u0131\u011f\u0131n\u0131 ve telefon bildirisi b\u0131rakt\u0131\u011f\u0131n\u0131 lakin kendisiyle direkt irtibat kurmad\u0131\u011f\u0131n\u0131 kelamlar\u0131na ekledi.<\/p>\n<\/div>\n","protected":false},"excerpt":{"rendered":"<p>Dallas Mavericks genel menajeri Nico Harrison, y\u0131ld\u0131z oyuncusu Luka Doncic&#8217;i Los Angeles Lakers&#8217;a takas ederek &#8220;\u00e7alkant\u0131l\u0131 ge\u00e7me potansiyeli olan bir yaz d\u00f6neminin&#8221; \u00f6n\u00fcne ge\u00e7ti\u011fini s\u00f6yledi.<\/p>\n","protected":false},"author":1,"featured_media":13831,"comment_status":"open","ping_status":"open","sticky":false,"template":"","format":"standard","meta":{"footnotes":""},"categories":[10],"tags":[1389],"class_list":["post-13830","post","type-post","status-publish","format-standard","has-post-thumbnail","hentry","category-basketbol","tag-doncic"],"_links":{"self":[{"href":"https:\/\/haberbesiktas.tr\/index.php?rest_route=\/wp\/v2\/posts\/13830","targetHints":{"allow":["GET"]}}],"collection":[{"href":"https:\/\/haberbesiktas.tr\/index.php?rest_route=\/wp\/v2\/posts"}],"about":[{"href":"https:\/\/haberbesiktas.tr\/index.php?rest_route=\/wp\/v2\/types\/post"}],"author":[{"embeddable":true,"href":"https:\/\/haberbesiktas.tr\/index.php?rest_route=\/wp\/v2\/users\/1"}],"replies":[{"embeddable":true,"href":"https:\/\/haberbesiktas.tr\/index.php?rest_route=%2Fwp%2Fv2%2Fcomments&post=13830"}],"version-history":[{"count":1,"href":"https:\/\/haberbesiktas.tr\/index.php?rest_route=\/wp\/v2\/posts\/13830\/revisions"}],"predecessor-version":[{"id":13832,"href":"https:\/\/haberbesiktas.tr\/index.php?rest_route=\/wp\/v2\/posts\/13830\/revisions\/13832"}],"wp:featuredmedia":[{"embeddable":true,"href":"https:\/\/haberbesiktas.tr\/index.php?rest_route=\/wp\/v2\/media\/13831"}],"wp:attachment":[{"href":"https:\/\/haberbesiktas.tr\/index.php?rest_route=%2Fwp%2Fv2%2Fmedia&parent=13830"}],"wp:term":[{"taxonomy":"category","embeddable":true,"href":"https:\/\/haberbesiktas.tr\/index.php?rest_route=%2Fwp%2Fv2%2Fcategories&post=13830"},{"taxonomy":"post_tag","embeddable":true,"href":"https:\/\/haberbesiktas.tr\/index.php?rest_route=%2Fwp%2Fv2%2Ftags&post=13830"}],"curies":[{"name":"wp","href":"https:\/\/api.w.org\/{rel}","templated":true}]}}