{"id":13833,"date":"2025-03-04T00:48:06","date_gmt":"2025-03-04T00:48:06","guid":{"rendered":"https:\/\/haberbesiktas.tr\/?p=13833"},"modified":"2025-03-04T00:48:06","modified_gmt":"2025-03-04T00:48:06","slug":"besiktasta-kirklarelispor-maci-oncesi-5-eksik","status":"publish","type":"post","link":"https:\/\/haberbesiktas.tr\/?p=13833","title":{"rendered":"Be\u015fikta\u015f&#8217;ta K\u0131rklarelispor ma\u00e7\u0131 \u00f6ncesi 5 eksik"},"content":{"rendered":"<div>\n<p>Be\u015fikta\u015f, Ziraat T\u00fcrkiye Kupas\u0131 D K\u00fcmesi ikinci ma\u00e7\u0131nda yar\u0131n K\u0131rklarelispor ile kar\u015f\u0131 kar\u015f\u0131ya gelecek.<\/p>\n<p> Atat\u00fcrk Olimpiyat Stad\u0131&#8217;ndaki kar\u015f\u0131la\u015fma saat 20.30&#8217;da ba\u015flayacak.\u00a0<\/p>\n<p> Kupaya deplasmanda Sivasspor kar\u015f\u0131s\u0131nda al\u0131nan galibiyetle ba\u015flayan siyah-beyazl\u0131lar, D K\u00fcmesi&#8217;nde 3 puanla ikinci s\u0131rada yer al\u0131yor.<\/p>\n<p> Kupaya 2. cinste dahil olan K\u0131rklarelispor, s\u0131ras\u0131yla Yozgat Belediyesi Bozokspor (2-0), Ye\u015fil Yalova FK (4-0), Yeni Mersin Antrenman Yurdu (2-0) ve S\u00fcper Lig grubu Adana Demirspor&#8217;u (2-0) yenerek ismini k\u00fcme evresine yazd\u0131rm\u0131\u015ft\u0131.\u00a0<\/p>\n<p> Yeni format\u0131yla oynanan kupadaki birinci ma\u00e7\u0131nda sahas\u0131nda S\u00fcper Lig grubu Bodrum FK ile kar\u015f\u0131 kar\u015f\u0131ya gelen K\u0131rklarelispor, rakibiyle 4-4 berabere kalm\u0131\u015ft\u0131.<\/p>\n<p> Ye\u015fil-beyazl\u0131lar, k\u00fcmede 1 puanla 4. s\u0131rada bulunuyor.<\/p>\n<p> <strong>&#8211; K\u0131rklarelispor ile birinci resmi ma\u00e7<\/strong><\/p>\n<p> Be\u015fikta\u015f ile K\u0131rklarelispor, birinci defa kar\u015f\u0131 kar\u015f\u0131ya gelecek.\u00a0<\/p>\n<p> Siyah-beyazl\u0131 tak\u0131m, Nesine 2. Lig Beyaz K\u00fcme&#8217;de gayret eden ye\u015fil-beyazl\u0131larla birinci defa bir resmi ma\u00e7ta kozlar\u0131n\u0131 payla\u015facak.\u00a0<\/p>\n<p> <strong>&#8211; M\u00fcsabaka Atat\u00fcrk Olimpiyat Stad\u0131&#8217;nda<\/strong><\/p>\n<p> Be\u015fikta\u015f, T\u00fcpra\u015f Stad\u0131&#8217;ndaki bak\u0131m tamirat \u00e7al\u0131\u015fmalar\u0131 nedeniyle K\u0131rklarelispor ma\u00e7\u0131n\u0131 konutundan uzakta oynayacak.<\/p>\n<p> Siyah-beyazl\u0131 kul\u00fcp, daha evvel yap\u0131lan a\u00e7\u0131klamayla u\u011fra\u015f\u0131n Atat\u00fcrk Olimpiyat Stad\u0131&#8217;nda oynanaca\u011f\u0131n\u0131 duyurmu\u015ftu.<\/p>\n<p> <strong>&#8211; Atat\u00fcrk Olimpiyat Stad\u0131&#8217;nda son 2 ma\u00e7ta 2 kupa<\/strong><\/p>\n<p> Be\u015fikta\u015f, Atat\u00fcrk Olimpiyat Stad\u0131&#8217;nda oynad\u0131\u011f\u0131 son iki m\u00fcsabakada 2 kupa kazanmay\u0131 ba\u015fard\u0131.<\/p>\n<p> Ge\u00e7en d\u00f6nem Ziraat T\u00fcrkiye Kupas\u0131 finalinde Trabzonspor&#8217;u 3-2 ma\u011flup eden siyah-beyazl\u0131lar, 11. defa \u015fampiyonlu\u011fa ula\u015fm\u0131\u015ft\u0131.<\/p>\n<p> Bu d\u00f6nem ba\u015f\u0131nda ise Turkcell Muhte\u015fem Kupa&#8217;da yeniden t\u0131pk\u0131 statta Galatasaray ile kar\u015f\u0131la\u015fan Be\u015fikta\u015f, rakibini 5-0 yenerek kupaya uzanm\u0131\u015ft\u0131.\u00a0<\/p>\n<p> <strong>&#8211; Biletler 10 ve 20 liradan sat\u0131\u015fta<\/strong><\/p>\n<p> Be\u015fikta\u015f&#8217;\u0131n K\u0131rklarelispor ile oynayaca\u011f\u0131 m\u00fcsabakan\u0131n bilet fiyatlar\u0131 10 ve 20 lira olarak sat\u0131\u015fa sunuldu.\u00a0<\/p>\n<p> Kar\u015f\u0131la\u015fman\u0131n biletleri 1 \u015eubat Cumartesi g\u00fcn\u00fcnden itibaren genel sat\u0131\u015fa \u00e7\u0131kar\u0131l\u0131rken, fiyatlar kale gerisi 10, bat\u0131 ve do\u011fu trib\u00fcnler ise 20 lira olarak belirlendi.<\/p>\n<p> <strong>&#8211; K\u0131rklarelispor&#8217;un en golc\u00fcs\u00fc Okan Derici<\/strong><\/p>\n<p> K\u0131rklarelispor&#8217;da ekibin en golc\u00fcs\u00fc, orta saha oyuncusu Okan Derici olarak g\u00f6ze \u00e7arp\u0131yor.<\/p>\n<p> Bu sezon ligde ve kupada 24 ma\u00e7a \u00e7\u0131kan 31 ya\u015f\u0131ndaki futbolcu, 11 gol kaydetti.<\/p>\n<p> Almanya&#8217;da Wieseck kadrosunun altyap\u0131s\u0131nda yeti\u015fen deneyimli futbolcu, 2011 y\u0131l\u0131nda Eintracht Frankfurt&#8217;tan Galatasaray&#8217;a transfer olmu\u015ftu.\u00a0<\/p>\n<p> Okan Derici&#8217;nin mesle\u011finde RW Erfurt, Konyaspor, Alt\u0131nordu, \u00dcmraniyespor, Gaziantep FK ve Denizlispor ekipleri da bulunuyor.<\/p>\n<p> <strong>\u00a0&#8211; Eksikler<\/strong><\/p>\n<p> Be\u015fikta\u015f&#8217;ta K\u0131rklarelispor kar\u015f\u0131s\u0131nda bir\u00e7ok oyuncu formas\u0131ndan uzak kalacak.\u00a0<\/p>\n<p> Siyah-beyazl\u0131larda sakatl\u0131klar\u0131 nedeniyle bir m\u00fcddettir kadrodan ba\u015fka kalan Necip Uysal, Gabriel Paulista, Tayyip Talha Sanu\u00e7 ve Emrecan Terzi&#8217;nin yan\u0131 s\u0131ra tedavisi devam eden Bakhtiyor Zaynutdinov&#8217;un kupa ma\u00e7\u0131nda forma giymesi beklenmiyor.<\/p>\n<p> \u00d6te yandan, siyah-beyazl\u0131 gruptan ayr\u0131lmalar\u0131 g\u00fcndemde olan Cher Ndour ve Al Musrati&#8217;nin ma\u00e7 tak\u0131m\u0131nda yer almayaca\u011f\u0131 \u00f6\u011frenildi.<\/p>\n<\/div>\n","protected":false},"excerpt":{"rendered":"<p>Be\u015fikta\u015f, T\u00fcrkiye Kupas\u0131&#8217;ndaki ikinci ma\u00e7\u0131nda 4 \u015eubat Sal\u0131 g\u00fcn\u00fc K\u0131rklarelispor ile kar\u015f\u0131la\u015facak.<\/p>\n","protected":false},"author":1,"featured_media":13834,"comment_status":"open","ping_status":"open","sticky":false,"template":"","format":"standard","meta":{"footnotes":""},"categories":[25],"tags":[71,1530,120,50,152],"class_list":["post-13833","post","type-post","status-publish","format-standard","has-post-thumbnail","hentry","category-futbol","tag-besiktas","tag-kirklarelispor","tag-kupa","tag-mac","tag-siyah-beyazli"],"_links":{"self":[{"href":"https:\/\/haberbesiktas.tr\/index.php?rest_route=\/wp\/v2\/posts\/13833","targetHints":{"allow":["GET"]}}],"collection":[{"href":"https:\/\/haberbesiktas.tr\/index.php?rest_route=\/wp\/v2\/posts"}],"about":[{"href":"https:\/\/haberbesiktas.tr\/index.php?rest_route=\/wp\/v2\/types\/post"}],"author":[{"embeddable":true,"href":"https:\/\/haberbesiktas.tr\/index.php?rest_route=\/wp\/v2\/users\/1"}],"replies":[{"embeddable":true,"href":"https:\/\/haberbesiktas.tr\/index.php?rest_route=%2Fwp%2Fv2%2Fcomments&post=13833"}],"version-history":[{"count":1,"href":"https:\/\/haberbesiktas.tr\/index.php?rest_route=\/wp\/v2\/posts\/13833\/revisions"}],"predecessor-version":[{"id":13835,"href":"https:\/\/haberbesiktas.tr\/index.php?rest_route=\/wp\/v2\/posts\/13833\/revisions\/13835"}],"wp:featuredmedia":[{"embeddable":true,"href":"https:\/\/haberbesiktas.tr\/index.php?rest_route=\/wp\/v2\/media\/13834"}],"wp:attachment":[{"href":"https:\/\/haberbesiktas.tr\/index.php?rest_route=%2Fwp%2Fv2%2Fmedia&parent=13833"}],"wp:term":[{"taxonomy":"category","embeddable":true,"href":"https:\/\/haberbesiktas.tr\/index.php?rest_route=%2Fwp%2Fv2%2Fcategories&post=13833"},{"taxonomy":"post_tag","embeddable":true,"href":"https:\/\/haberbesiktas.tr\/index.php?rest_route=%2Fwp%2Fv2%2Ftags&post=13833"}],"curies":[{"name":"wp","href":"https:\/\/api.w.org\/{rel}","templated":true}]}}