{"id":13839,"date":"2025-03-04T01:12:06","date_gmt":"2025-03-04T01:12:06","guid":{"rendered":"https:\/\/haberbesiktas.tr\/?p=13839"},"modified":"2025-03-04T01:12:06","modified_gmt":"2025-03-04T01:12:06","slug":"luka-doncicten-maverickse-veda-mesaji","status":"publish","type":"post","link":"https:\/\/haberbesiktas.tr\/?p=13839","title":{"rendered":"Luka Doncic&#8217;ten Mavericks&#8217;e veda mesaj\u0131"},"content":{"rendered":"<div>Los Angeles Lakers&#8217;\u0131n yeni s\u00fcperstar\u0131 Luka Doncic, Dallas Mavericks&#8217;in NBA&#8217;in g\u00fcndemine oturan takas\u0131 sonras\u0131 birinci sefer konu\u015ftu.<\/p>\n<p> 25 ya\u015f\u0131ndaki Slovenyal\u0131 y\u0131ld\u0131z, toplumsal medyada yapt\u0131\u011f\u0131 birinci a\u00e7\u0131klamada kan\u0131lar\u0131n\u0131 \u015fu formda kaleme ald\u0131:<\/p>\n<p> <strong>&#8220;Yedi y\u0131l evvel \u00e7ok gen\u00e7 ya\u015f\u0131mda bir oyuncuyken, en \u00fcst seviyede basketbol oynama hayalimi ger\u00e7ekle\u015ftirmek i\u00e7in buraya geldim. Mesle\u011fimi burada tamamlayaca\u011f\u0131m\u0131 d\u00fc\u015f\u00fcn\u00fcyordum ve size bir \u015fampiyonluk getirmeyi \u00e7ok istiyordum. \u00c2l\u00e2 vakitlerde ya da berbat vakitlerde, sakatl\u0131klardan NBA Finallerine kadar, dayana\u011f\u0131n\u0131z asla de\u011fi\u015fmedi. Yaln\u0131zca en yeterli anlar\u0131m\u0131zda sevincimi payla\u015ft\u0131\u011f\u0131n\u0131z i\u00e7in de\u011fil, birebir vakitte en \u00e7ok gereksinimim oldu\u011funda beni destekledi\u011finiz i\u00e7in de te\u015fekk\u00fcr ederim.&#8221;<\/strong><\/p>\n<p> 2018 NBA Draft\u0131&#8217;nda Atlanta Hawks&#8217;\u0131n kendisini \u00fc\u00e7\u00fcnc\u00fc s\u0131rada se\u00e7mesinin \u00e7abucak akabinde yap\u0131lan mutabakat kapsam\u0131nda Dallas&#8217;a takas edilen Doncic, Mavs&#8217;deki yedi bu\u00e7uk y\u0131l\u0131 boyunca NBA&#8217;deki en ba\u015far\u0131l\u0131 oyunculardan biri olmu\u015f, be\u015f defa All-NBA tak\u0131mlar\u0131na girmi\u015f, be\u015f kere All-Star se\u00e7ilmi\u015f, 2019&#8217;da Y\u0131l\u0131n \u00c7ayla\u011f\u0131 m\u00fckafat\u0131n\u0131 kazanm\u0131\u015f, 2023-24 d\u00f6neminde say\u0131 h\u00fck\u00fcmdar\u0131 olmu\u015f ve Mavericks&#8217;i ise 2024&#8217;te NBA Finalleri&#8217;ne ta\u015f\u0131m\u0131\u015ft\u0131.<\/p>\n<p> Mavs genel menajeri Nico Harrison, Doncic&#8217;in Dallas&#8217;tan ayr\u0131lmak istemedi\u011fini do\u011frulam\u0131\u015ft\u0131.<\/p>\n<p> Noel G\u00fcn\u00fc&#8217;nde bald\u0131r sakatl\u0131\u011f\u0131 ge\u00e7irdi\u011finden beri tak\u0131m d\u0131\u015f\u0131 olan Doncic&#8217;in kontrat\u0131n\u0131n bitimine iki d\u00f6nem daha bulunuyor.<\/p>\n<\/div>\n","protected":false},"excerpt":{"rendered":"<p>Los Angeles Lakers&#8217;\u0131n yeni s\u00fcperstar\u0131 Luka Doncic, Dallas Mavericks&#8217;in NBA&#8217;in g\u00fcndemine oturan takas\u0131 sonras\u0131 birinci defa konu\u015ftu.<\/p>\n","protected":false},"author":1,"featured_media":13840,"comment_status":"open","ping_status":"open","sticky":false,"template":"","format":"standard","meta":{"footnotes":""},"categories":[10],"tags":[142],"class_list":["post-13839","post","type-post","status-publish","format-standard","has-post-thumbnail","hentry","category-basketbol","tag-nba"],"_links":{"self":[{"href":"https:\/\/haberbesiktas.tr\/index.php?rest_route=\/wp\/v2\/posts\/13839","targetHints":{"allow":["GET"]}}],"collection":[{"href":"https:\/\/haberbesiktas.tr\/index.php?rest_route=\/wp\/v2\/posts"}],"about":[{"href":"https:\/\/haberbesiktas.tr\/index.php?rest_route=\/wp\/v2\/types\/post"}],"author":[{"embeddable":true,"href":"https:\/\/haberbesiktas.tr\/index.php?rest_route=\/wp\/v2\/users\/1"}],"replies":[{"embeddable":true,"href":"https:\/\/haberbesiktas.tr\/index.php?rest_route=%2Fwp%2Fv2%2Fcomments&post=13839"}],"version-history":[{"count":1,"href":"https:\/\/haberbesiktas.tr\/index.php?rest_route=\/wp\/v2\/posts\/13839\/revisions"}],"predecessor-version":[{"id":13841,"href":"https:\/\/haberbesiktas.tr\/index.php?rest_route=\/wp\/v2\/posts\/13839\/revisions\/13841"}],"wp:featuredmedia":[{"embeddable":true,"href":"https:\/\/haberbesiktas.tr\/index.php?rest_route=\/wp\/v2\/media\/13840"}],"wp:attachment":[{"href":"https:\/\/haberbesiktas.tr\/index.php?rest_route=%2Fwp%2Fv2%2Fmedia&parent=13839"}],"wp:term":[{"taxonomy":"category","embeddable":true,"href":"https:\/\/haberbesiktas.tr\/index.php?rest_route=%2Fwp%2Fv2%2Fcategories&post=13839"},{"taxonomy":"post_tag","embeddable":true,"href":"https:\/\/haberbesiktas.tr\/index.php?rest_route=%2Fwp%2Fv2%2Ftags&post=13839"}],"curies":[{"name":"wp","href":"https:\/\/api.w.org\/{rel}","templated":true}]}}