{"id":14071,"date":"2025-03-04T16:12:06","date_gmt":"2025-03-04T16:12:06","guid":{"rendered":"https:\/\/haberbesiktas.tr\/?p=14071"},"modified":"2025-03-04T16:12:06","modified_gmt":"2025-03-04T16:12:06","slug":"ibrahim-hatipoglundan-mac-sonu-hakem-tepkisi","status":"publish","type":"post","link":"https:\/\/haberbesiktas.tr\/?p=14071","title":{"rendered":"\u0130brahim Hatipo\u011flu&#8217;ndan ma\u00e7 sonu hakem tepkisi"},"content":{"rendered":"<div>Galatasaray Sportif A.\u015e. Ba\u015fkanvekili \u0130brahim Hatipo\u011flu, Gaziantep FK ma\u00e7\u0131 sonras\u0131 a\u00e7\u0131klamalarda bulundu.<\/p>\n<p><strong>&#8220;Y\u0130NE HAKEM YANLI\u015eI OLDU&#8221;<\/strong><\/p>\n<p>Ma\u00e7ta hakem kusurlar\u0131 oldu\u011funu s\u00f6yleyen Hatipo\u011flu, <strong>&#8220;<\/strong><span><strong>Fenerbah\u00e7e&#8217;yi yar\u0131\u015fta tutmak i\u00e7in g\u00f6sterdikleri \u00e7abay\u0131, bu sefer Gaziantep FK&#8217;y\u0131 11 ki\u015fi tutmak i\u00e7in g\u00f6sterdiler. \u0130ki sar\u0131 karttan, iki k\u0131rm\u0131z\u0131 kart vard\u0131. D\u00fcnk\u00fc kadar fahi\u015f hakem yan\u0131lg\u0131s\u0131 olmad\u0131 ancak tekrar hakem yan\u0131lg\u0131lar\u0131 oldu. Umar\u0131m hakem yanl\u0131\u015flar\u0131 biter ve adil, rekabet\u00e7i bir ortamda \u00e7aba ederiz.&#8221;<\/strong> dedi.<\/p>\n<p><strong>&#8220;BU SENE SIKINTI OLACAK!&#8221;<\/strong><\/p>\n<p>\u015eampiyonluk yar\u0131\u015f\u0131na de\u011finen Hatipo\u011flu,<strong> &#8220;<\/strong><span><strong>Camia olarak birlik ve beraberlik i\u00e7erisinde u\u011fra\u015f etmeliyiz. Bu sene s\u0131k\u0131nt\u0131, 25. \u015fampiyonluk kolay olmayacak. Grubu g\u00fc\u00e7l\u00fc hale getirmek ve yar\u0131\u015f sonunda 25. \u015fampiyonlu\u011fa ula\u015fmak istiyoruz.&#8221;<\/strong> kelamlar\u0131n\u0131 sarf etti.<\/p>\n<p><strong>YABANCI ORTA HAKEM<\/strong><\/p>\n<p><span><span><strong>&#8220;Fenerbah\u00e7e \u00fczere derbide yabanc\u0131 orta hakem istiyor musunuz?&#8221;<\/strong> sorusuna cevap veren Hatipo\u011flu,\u00a0<\/span><strong>&#8220;Yabanc\u0131 orta hakem talebimiz olmad\u0131 fakat yabanc\u0131 VAR hakemi talebimiz oldu. Biz g\u00fczel hakemden yanay\u0131z. Yabanc\u0131d\u0131r, hepsi yeterlidir, adaletlidir \u00fczere a\u00e7\u0131klama yapmak yanl\u0131\u015fs\u0131z de\u011fil! Biz yabanc\u0131 yahut yerli de olsa, uygun hakemlerin y\u00f6netmesini istiyoruz. Bunun i\u00e7in kriterler konulmal\u0131 ve standard\u0131 y\u00fcksek hakemler gelmeli. \u0130yi bir lig var, gruplar de\u011ferli transferler yap\u0131yor. Ligin izlenirli\u011fi art\u0131yor. G\u00f6n\u00fcl ister ki burada daima uygunlar olsun ve d\u00fcnyada izlenilebilirli\u011fimiz arts\u0131n.&#8221;<\/strong> kelamlar\u0131n\u0131 sarf etti.<br \/><\/span><br \/><\/span><\/span> <\/p>\n<div><span><span>Son olarak transfer \u00e7al\u0131\u015fmalar\u0131 hakk\u0131nda konu\u015fan Hatipo\u011flu,\u00a0<span><strong>&#8220;Transfer \u00e7al\u0131\u015fmalar\u0131 devam ediyor. Transferleri be\u015ferler de\u011fil, Galatasaray Kul\u00fcb\u00fc yap\u0131yor. Y\u00f6neticiler olarak ortam\u0131zda rastgele bir sorun yok.&#8221;<\/strong> dedi.<\/span><\/span><\/span><\/div>\n<\/div>\n","protected":false},"excerpt":{"rendered":"<p>Galatasaray Sportif A.\u015e. Ba\u015fkanvekili \u0130brahim Hatipo\u011flu, Gaziantep FK ma\u00e7\u0131 sonras\u0131 a\u00e7\u0131klamalarda bulundu.<\/p>\n","protected":false},"author":1,"featured_media":14072,"comment_status":"open","ping_status":"open","sticky":false,"template":"","format":"standard","meta":{"footnotes":""},"categories":[25],"tags":[62,1047,144],"class_list":["post-14071","post","type-post","status-publish","format-standard","has-post-thumbnail","hentry","category-futbol","tag-hakem","tag-hatipoglu","tag-yabanci"],"_links":{"self":[{"href":"https:\/\/haberbesiktas.tr\/index.php?rest_route=\/wp\/v2\/posts\/14071","targetHints":{"allow":["GET"]}}],"collection":[{"href":"https:\/\/haberbesiktas.tr\/index.php?rest_route=\/wp\/v2\/posts"}],"about":[{"href":"https:\/\/haberbesiktas.tr\/index.php?rest_route=\/wp\/v2\/types\/post"}],"author":[{"embeddable":true,"href":"https:\/\/haberbesiktas.tr\/index.php?rest_route=\/wp\/v2\/users\/1"}],"replies":[{"embeddable":true,"href":"https:\/\/haberbesiktas.tr\/index.php?rest_route=%2Fwp%2Fv2%2Fcomments&post=14071"}],"version-history":[{"count":1,"href":"https:\/\/haberbesiktas.tr\/index.php?rest_route=\/wp\/v2\/posts\/14071\/revisions"}],"predecessor-version":[{"id":14073,"href":"https:\/\/haberbesiktas.tr\/index.php?rest_route=\/wp\/v2\/posts\/14071\/revisions\/14073"}],"wp:featuredmedia":[{"embeddable":true,"href":"https:\/\/haberbesiktas.tr\/index.php?rest_route=\/wp\/v2\/media\/14072"}],"wp:attachment":[{"href":"https:\/\/haberbesiktas.tr\/index.php?rest_route=%2Fwp%2Fv2%2Fmedia&parent=14071"}],"wp:term":[{"taxonomy":"category","embeddable":true,"href":"https:\/\/haberbesiktas.tr\/index.php?rest_route=%2Fwp%2Fv2%2Fcategories&post=14071"},{"taxonomy":"post_tag","embeddable":true,"href":"https:\/\/haberbesiktas.tr\/index.php?rest_route=%2Fwp%2Fv2%2Ftags&post=14071"}],"curies":[{"name":"wp","href":"https:\/\/api.w.org\/{rel}","templated":true}]}}