{"id":14074,"date":"2025-03-04T16:24:06","date_gmt":"2025-03-04T16:24:06","guid":{"rendered":"https:\/\/haberbesiktas.tr\/?p=14074"},"modified":"2025-03-04T16:24:06","modified_gmt":"2025-03-04T16:24:06","slug":"michy-batshuayi-eintracht-frankfurtta","status":"publish","type":"post","link":"https:\/\/haberbesiktas.tr\/?p=14074","title":{"rendered":"Michy Batshuayi, Eintracht Frankfurt&#8217;ta"},"content":{"rendered":"<div>Galatasaray Kul\u00fcb\u00fc, Michy Batshuayi ile yollar\u0131n\u0131 resmen ay\u0131rd\u0131. Bel\u00e7ikal\u0131 golc\u00fc, Bundesliga kadrolar\u0131ndan Eintracht Frankfurt&#8217;a imza att\u0131.<\/p>\n<p> Sar\u0131-k\u0131rm\u0131z\u0131l\u0131 kul\u00fcp, T\u00fcrkiye Futbol Federasyonu&#8217;na yapt\u0131\u011f\u0131 bildirimde, 31 ya\u015f\u0131ndaki Bel\u00e7ikal\u0131 golc\u00fcn\u00fcn kontrat\u0131n\u0131n kar\u015f\u0131l\u0131kl\u0131 muahede sonucu feshedildi\u011fini belirtti.<\/p>\n<p>Bu geli\u015fmenin akabinde Eintracht Frankfurt, Batshuayi&#8217;nin transferini resmen a\u00e7\u0131klad\u0131.<\/p>\n<p> Alman bas\u0131n\u0131, Bundesliga grubunun bu transfer i\u00e7in Galatasaray&#8217;a 2-3 milyon euro civar\u0131nda \u00f6demeye yapaca\u011f\u0131n\u0131 belirtti.<\/p>\n<p>Galatasaray&#8217;da bu d\u00f6nem 30 ma\u00e7ta m\u00fcddet bulan Batshuayi, 7 gol att\u0131 ve 2 asist yapt\u0131.<\/p>\n<p><img decoding=\"async\" src=\"https:\/\/haberbesiktas.tr\/wp-content\/uploads\/2025\/03\/michy-batshuayi-eintracht-frankfurtta-0-qxFbMGPS.png\"\/><\/p>\n<p>https:\/\/twitter.com\/sporx\/status\/1886512315131998432<\/p>\n<\/p><\/div>\n","protected":false},"excerpt":{"rendered":"<p>Galatasaray, Michy Batshuayi&#8217;nin mukavelesini feshetti. Bel\u00e7ikal\u0131 golc\u00fcn\u00fcn yeni adresi Almanya oldu.<\/p>\n","protected":false},"author":1,"featured_media":14075,"comment_status":"open","ping_status":"open","sticky":false,"template":"","format":"standard","meta":{"footnotes":""},"categories":[25],"tags":[],"class_list":["post-14074","post","type-post","status-publish","format-standard","has-post-thumbnail","hentry","category-futbol"],"_links":{"self":[{"href":"https:\/\/haberbesiktas.tr\/index.php?rest_route=\/wp\/v2\/posts\/14074","targetHints":{"allow":["GET"]}}],"collection":[{"href":"https:\/\/haberbesiktas.tr\/index.php?rest_route=\/wp\/v2\/posts"}],"about":[{"href":"https:\/\/haberbesiktas.tr\/index.php?rest_route=\/wp\/v2\/types\/post"}],"author":[{"embeddable":true,"href":"https:\/\/haberbesiktas.tr\/index.php?rest_route=\/wp\/v2\/users\/1"}],"replies":[{"embeddable":true,"href":"https:\/\/haberbesiktas.tr\/index.php?rest_route=%2Fwp%2Fv2%2Fcomments&post=14074"}],"version-history":[{"count":1,"href":"https:\/\/haberbesiktas.tr\/index.php?rest_route=\/wp\/v2\/posts\/14074\/revisions"}],"predecessor-version":[{"id":14077,"href":"https:\/\/haberbesiktas.tr\/index.php?rest_route=\/wp\/v2\/posts\/14074\/revisions\/14077"}],"wp:featuredmedia":[{"embeddable":true,"href":"https:\/\/haberbesiktas.tr\/index.php?rest_route=\/wp\/v2\/media\/14075"}],"wp:attachment":[{"href":"https:\/\/haberbesiktas.tr\/index.php?rest_route=%2Fwp%2Fv2%2Fmedia&parent=14074"}],"wp:term":[{"taxonomy":"category","embeddable":true,"href":"https:\/\/haberbesiktas.tr\/index.php?rest_route=%2Fwp%2Fv2%2Fcategories&post=14074"},{"taxonomy":"post_tag","embeddable":true,"href":"https:\/\/haberbesiktas.tr\/index.php?rest_route=%2Fwp%2Fv2%2Ftags&post=14074"}],"curies":[{"name":"wp","href":"https:\/\/api.w.org\/{rel}","templated":true}]}}