{"id":14082,"date":"2025-03-04T16:48:05","date_gmt":"2025-03-04T16:48:05","guid":{"rendered":"https:\/\/haberbesiktas.tr\/?p=14082"},"modified":"2025-03-04T16:48:05","modified_gmt":"2025-03-04T16:48:05","slug":"memik-yilmaz-hak-yiyen-vebalini-obur-tarafta-verir","status":"publish","type":"post","link":"https:\/\/haberbesiktas.tr\/?p=14082","title":{"rendered":"Memik Y\u0131lmaz: &#8220;Hak yiyen vebalini \u00f6b\u00fcr tarafta verir!&#8221;"},"content":{"rendered":"<div>Gaziantep FK Ba\u015fkan\u0131 Memik Y\u0131lmaz, &#8220;\u0130ki b\u00fcy\u00fck kendi ortas\u0131nda oynas\u0131n, asl\u0131nda biz Anadolu kul\u00fcplerine yaz\u0131k ediliyor diye d\u00fc\u015f\u00fcn\u00fcyorum.&#8221; dedi.<\/p>\n<p> Y\u0131lmaz, ma\u00e7\u0131n akabinde bas\u0131n mensuplar\u0131na yapt\u0131\u011f\u0131 a\u00e7\u0131klamada, Galatasaray&#8217;a kar\u015f\u0131 yeterli gayret ettiklerini s\u00f6yledi.<\/p>\n<p> Futbolda galibiyet ve yenilginin oldu\u011funu hat\u0131rlatan Y\u0131lmaz, \u015funlar\u0131 kaydetti:<\/p>\n<p> <strong>&#8220;Galatasaray&#8217;a \u00fczere bir gruba kar\u015f\u0131 \u00e7ok d\u00fczg\u00fcn oynad\u0131\u011f\u0131m\u0131z inan\u0131yorum. Bu futbol, yeneriz de yeniliriz de. Lakin kimi \u015feyler ister istemez insanlar\u0131n can\u0131n\u0131 s\u0131k\u0131yor. \u0130ki b\u00fcy\u00fck kendi ortas\u0131nda oynas\u0131n, asl\u0131nda biz Anadolu kul\u00fcplerine yaz\u0131k ediliyor diye d\u00fc\u015f\u00fcn\u00fcyorum. S\u00f6ylemeden edemeyece\u011fim. \u00d6ncelikle her iki grubu da tebrik ediyorum. Ekibin can\u0131y\u00fcrekten ho\u015f futbol ortaya koydu\u011funa inan\u0131yorum. Her vakit hakem konu\u015fmaktan usand\u0131k. Hak yiyen bu vebali yar\u0131n, \u00f6b\u00fcr g\u00fcn \u00f6b\u00fcr tarafta verece\u011fine inan\u0131yorum. Anadolu kul\u00fcb\u00fc olarak elimizden geleni yapt\u0131k. Taraftar\u0131m\u0131za, oyuncular\u0131ma, idareye ve teknik heyete te\u015fekk\u00fcr ediyorum.&#8221;<\/strong><\/p>\n<\/div>\n","protected":false},"excerpt":{"rendered":"<p>Gaziantep FK Ba\u015fkan\u0131 Memik Y\u0131lmaz, Galatasaray ma\u00e7\u0131 sonras\u0131 a\u00e7\u0131klamalarda bulundu.<\/p>\n","protected":false},"author":1,"featured_media":14083,"comment_status":"open","ping_status":"open","sticky":false,"template":"","format":"standard","meta":{"footnotes":""},"categories":[25],"tags":[],"class_list":["post-14082","post","type-post","status-publish","format-standard","has-post-thumbnail","hentry","category-futbol"],"_links":{"self":[{"href":"https:\/\/haberbesiktas.tr\/index.php?rest_route=\/wp\/v2\/posts\/14082","targetHints":{"allow":["GET"]}}],"collection":[{"href":"https:\/\/haberbesiktas.tr\/index.php?rest_route=\/wp\/v2\/posts"}],"about":[{"href":"https:\/\/haberbesiktas.tr\/index.php?rest_route=\/wp\/v2\/types\/post"}],"author":[{"embeddable":true,"href":"https:\/\/haberbesiktas.tr\/index.php?rest_route=\/wp\/v2\/users\/1"}],"replies":[{"embeddable":true,"href":"https:\/\/haberbesiktas.tr\/index.php?rest_route=%2Fwp%2Fv2%2Fcomments&post=14082"}],"version-history":[{"count":1,"href":"https:\/\/haberbesiktas.tr\/index.php?rest_route=\/wp\/v2\/posts\/14082\/revisions"}],"predecessor-version":[{"id":14084,"href":"https:\/\/haberbesiktas.tr\/index.php?rest_route=\/wp\/v2\/posts\/14082\/revisions\/14084"}],"wp:featuredmedia":[{"embeddable":true,"href":"https:\/\/haberbesiktas.tr\/index.php?rest_route=\/wp\/v2\/media\/14083"}],"wp:attachment":[{"href":"https:\/\/haberbesiktas.tr\/index.php?rest_route=%2Fwp%2Fv2%2Fmedia&parent=14082"}],"wp:term":[{"taxonomy":"category","embeddable":true,"href":"https:\/\/haberbesiktas.tr\/index.php?rest_route=%2Fwp%2Fv2%2Fcategories&post=14082"},{"taxonomy":"post_tag","embeddable":true,"href":"https:\/\/haberbesiktas.tr\/index.php?rest_route=%2Fwp%2Fv2%2Ftags&post=14082"}],"curies":[{"name":"wp","href":"https:\/\/api.w.org\/{rel}","templated":true}]}}