{"id":14088,"date":"2025-03-04T17:12:05","date_gmt":"2025-03-04T17:12:05","guid":{"rendered":"https:\/\/haberbesiktas.tr\/?p=14088"},"modified":"2025-03-04T17:12:05","modified_gmt":"2025-03-04T17:12:05","slug":"goztepeden-premier-lige-transfer-oldu","status":"publish","type":"post","link":"https:\/\/haberbesiktas.tr\/?p=14088","title":{"rendered":"G\u00f6ztepe&#8217;den Premier Lig&#8217;e transfer oldu!"},"content":{"rendered":"<div>Ara transfer periyodunun bitimine saatler kala Avrupa&#8217;da transfer \u00e7al\u0131\u015fmalar\u0131 devam ediyor.<\/p>\n<p> G\u00f6ztepe&#8217;de forma giyen 20 ya\u015f\u0131ndaki \u0130zzet Furkan Malak, Southampton&#8217;\u0131n U21 kadrosuna kiral\u0131k olarak g\u00f6nderildi.<\/p>\n<p> <strong>PERFORMANSI<\/strong><\/p>\n<p> Orta saha mevkiinde vazife yapan oyuncu, bu d\u00f6nem 3 ma\u00e7a \u00e7\u0131km\u0131\u015f ve bir golle oynam\u0131\u015ft\u0131.<\/p>\n<\/div>\n","protected":false},"excerpt":{"rendered":"<p>G\u00f6ztepe&#8217;de forma giyen \u0130zzet Furkan Malak, Southampton&#8217;\u0131n U21 grubuna kiral\u0131k olarak g\u00f6nderildi.<\/p>\n","protected":false},"author":1,"featured_media":14089,"comment_status":"open","ping_status":"open","sticky":false,"template":"","format":"standard","meta":{"footnotes":""},"categories":[25],"tags":[],"class_list":["post-14088","post","type-post","status-publish","format-standard","has-post-thumbnail","hentry","category-futbol"],"_links":{"self":[{"href":"https:\/\/haberbesiktas.tr\/index.php?rest_route=\/wp\/v2\/posts\/14088","targetHints":{"allow":["GET"]}}],"collection":[{"href":"https:\/\/haberbesiktas.tr\/index.php?rest_route=\/wp\/v2\/posts"}],"about":[{"href":"https:\/\/haberbesiktas.tr\/index.php?rest_route=\/wp\/v2\/types\/post"}],"author":[{"embeddable":true,"href":"https:\/\/haberbesiktas.tr\/index.php?rest_route=\/wp\/v2\/users\/1"}],"replies":[{"embeddable":true,"href":"https:\/\/haberbesiktas.tr\/index.php?rest_route=%2Fwp%2Fv2%2Fcomments&post=14088"}],"version-history":[{"count":1,"href":"https:\/\/haberbesiktas.tr\/index.php?rest_route=\/wp\/v2\/posts\/14088\/revisions"}],"predecessor-version":[{"id":14090,"href":"https:\/\/haberbesiktas.tr\/index.php?rest_route=\/wp\/v2\/posts\/14088\/revisions\/14090"}],"wp:featuredmedia":[{"embeddable":true,"href":"https:\/\/haberbesiktas.tr\/index.php?rest_route=\/wp\/v2\/media\/14089"}],"wp:attachment":[{"href":"https:\/\/haberbesiktas.tr\/index.php?rest_route=%2Fwp%2Fv2%2Fmedia&parent=14088"}],"wp:term":[{"taxonomy":"category","embeddable":true,"href":"https:\/\/haberbesiktas.tr\/index.php?rest_route=%2Fwp%2Fv2%2Fcategories&post=14088"},{"taxonomy":"post_tag","embeddable":true,"href":"https:\/\/haberbesiktas.tr\/index.php?rest_route=%2Fwp%2Fv2%2Ftags&post=14088"}],"curies":[{"name":"wp","href":"https:\/\/api.w.org\/{rel}","templated":true}]}}