{"id":14110,"date":"2025-03-04T18:36:07","date_gmt":"2025-03-04T18:36:07","guid":{"rendered":"https:\/\/haberbesiktas.tr\/?p=14110"},"modified":"2025-03-04T18:36:07","modified_gmt":"2025-03-04T18:36:07","slug":"trabzonsporda-barisic-leganese-transfer-oldu","status":"publish","type":"post","link":"https:\/\/haberbesiktas.tr\/?p=14110","title":{"rendered":"Trabzonspor&#8217;da Barisic, Leganes&#8217;e transfer oldu!"},"content":{"rendered":"<div>Ara transfer devrinin son dakikalar\u0131nda imzalar at\u0131lmaya devam ediyor.\u00a0<\/p>\n<p>La Liga tak\u0131mlar\u0131ndan Leganes, Trabzonspor formas\u0131 giyen Borna Barisic&#8217;i kiral\u0131k olarak tak\u0131m\u0131na katt\u0131.<\/p>\n<p>Sezon ba\u015f\u0131nda Trabzonspor&#8217;a bedelsiz olarak kat\u0131lan Barisic, 15 ma\u00e7ta forma giydi ve 1 asistle oynad\u0131.\u00a0<\/p>\n<p><strong>TEK \u00dcST\u00dcN L\u0130G&#8217;DEN GELEN O DE\u011e\u0130L<\/strong><\/p>\n<p>Leganes&#8217;in tak\u0131m\u0131nda Muhte\u015fem Lig&#8217;den gelen tek isim Barisic de\u011fil. Ge\u00e7mi\u015fte Be\u015fikta\u015f formas\u0131 giyen Valentin Rosier de Leganes formas\u0131 giyiyor.<\/p>\n<p><\/div>\n","protected":false},"excerpt":{"rendered":"<p>Trabzonspor&#8217;da forma giyen Borna Barisic, Leganes&#8217;e kiraland\u0131.<\/p>\n","protected":false},"author":1,"featured_media":14111,"comment_status":"open","ping_status":"open","sticky":false,"template":"","format":"standard","meta":{"footnotes":""},"categories":[25],"tags":[],"class_list":["post-14110","post","type-post","status-publish","format-standard","has-post-thumbnail","hentry","category-futbol"],"_links":{"self":[{"href":"https:\/\/haberbesiktas.tr\/index.php?rest_route=\/wp\/v2\/posts\/14110","targetHints":{"allow":["GET"]}}],"collection":[{"href":"https:\/\/haberbesiktas.tr\/index.php?rest_route=\/wp\/v2\/posts"}],"about":[{"href":"https:\/\/haberbesiktas.tr\/index.php?rest_route=\/wp\/v2\/types\/post"}],"author":[{"embeddable":true,"href":"https:\/\/haberbesiktas.tr\/index.php?rest_route=\/wp\/v2\/users\/1"}],"replies":[{"embeddable":true,"href":"https:\/\/haberbesiktas.tr\/index.php?rest_route=%2Fwp%2Fv2%2Fcomments&post=14110"}],"version-history":[{"count":1,"href":"https:\/\/haberbesiktas.tr\/index.php?rest_route=\/wp\/v2\/posts\/14110\/revisions"}],"predecessor-version":[{"id":14112,"href":"https:\/\/haberbesiktas.tr\/index.php?rest_route=\/wp\/v2\/posts\/14110\/revisions\/14112"}],"wp:featuredmedia":[{"embeddable":true,"href":"https:\/\/haberbesiktas.tr\/index.php?rest_route=\/wp\/v2\/media\/14111"}],"wp:attachment":[{"href":"https:\/\/haberbesiktas.tr\/index.php?rest_route=%2Fwp%2Fv2%2Fmedia&parent=14110"}],"wp:term":[{"taxonomy":"category","embeddable":true,"href":"https:\/\/haberbesiktas.tr\/index.php?rest_route=%2Fwp%2Fv2%2Fcategories&post=14110"},{"taxonomy":"post_tag","embeddable":true,"href":"https:\/\/haberbesiktas.tr\/index.php?rest_route=%2Fwp%2Fv2%2Ftags&post=14110"}],"curies":[{"name":"wp","href":"https:\/\/api.w.org\/{rel}","templated":true}]}}