{"id":14119,"date":"2025-03-04T19:12:06","date_gmt":"2025-03-04T19:12:06","guid":{"rendered":"https:\/\/haberbesiktas.tr\/?p=14119"},"modified":"2025-03-04T19:12:06","modified_gmt":"2025-03-04T19:12:06","slug":"besiktas-milli-yildizin-pesinde","status":"publish","type":"post","link":"https:\/\/haberbesiktas.tr\/?p=14119","title":{"rendered":"Be\u015fikta\u015f, milli y\u0131ld\u0131z\u0131n pe\u015finde!"},"content":{"rendered":"<div>\n<p>Transfer \u00e7al\u0131\u015fmalar\u0131n\u0131 s\u00fcrd\u00fcren Be\u015fikta\u015f i\u00e7in \u0130spanyol bas\u0131n\u0131ndan s\u00fcrpriz bir tez ortaya at\u0131ld\u0131.<\/p>\n<p> Takvim&#8217;in derledi\u011fi habere nazaran; Be\u015fikta\u015f bonservisi Valencia&#8217;da bulunan ve Real Valladolid&#8217;de kiral\u0131k olarak forma giyen ulusal stoper Cenk \u00d6zka\u00e7ar ile ilgileniyor.\u00a0<\/p>\n<p> Haberde, &#8220;Valladolid, Cenk&#8217;i Valencia&#8217;ya geri g\u00f6ndermek istiyor. Valencia&#8217;n\u0131n Be\u015fikta\u015f&#8217;tan tek talebi, oyuncunun kalan maa\u015f\u0131n\u0131n tamam\u0131n\u0131n \u00f6denmesi y\u00f6n\u00fcnde&#8221; tabirleri kullan\u0131ld\u0131.<\/p>\n<p> <strong>KONTRATI 2028&#8217;DE SONA ERECEK<\/strong><\/p>\n<p> Sol bekte de forma giyebilen Cenk&#8217;in Valencia ile olan kontrat\u0131 2028 y\u0131l\u0131nda sona erecek.<\/p>\n<p> Valladolid formas\u0131yla bu d\u00f6nem 5 ma\u00e7ta forma giyen 24 ya\u015f\u0131ndaki savunmac\u0131 skor katk\u0131s\u0131 yapamad\u0131.<\/p>\n<\/div>\n","protected":false},"excerpt":{"rendered":"<p>Be\u015fikta\u015f&#8217;\u0131n bonservisi Valencia&#8217;da bulunan, Real Valladolid&#8217;de kiral\u0131k olarak forma giyen 24 ya\u015f\u0131ndaki stoperle ilgilendi\u011fi \u00f6ne s\u00fcr\u00fcld\u00fc.<\/p>\n","protected":false},"author":1,"featured_media":14120,"comment_status":"open","ping_status":"open","sticky":false,"template":"","format":"standard","meta":{"footnotes":""},"categories":[25],"tags":[],"class_list":["post-14119","post","type-post","status-publish","format-standard","has-post-thumbnail","hentry","category-futbol"],"_links":{"self":[{"href":"https:\/\/haberbesiktas.tr\/index.php?rest_route=\/wp\/v2\/posts\/14119","targetHints":{"allow":["GET"]}}],"collection":[{"href":"https:\/\/haberbesiktas.tr\/index.php?rest_route=\/wp\/v2\/posts"}],"about":[{"href":"https:\/\/haberbesiktas.tr\/index.php?rest_route=\/wp\/v2\/types\/post"}],"author":[{"embeddable":true,"href":"https:\/\/haberbesiktas.tr\/index.php?rest_route=\/wp\/v2\/users\/1"}],"replies":[{"embeddable":true,"href":"https:\/\/haberbesiktas.tr\/index.php?rest_route=%2Fwp%2Fv2%2Fcomments&post=14119"}],"version-history":[{"count":1,"href":"https:\/\/haberbesiktas.tr\/index.php?rest_route=\/wp\/v2\/posts\/14119\/revisions"}],"predecessor-version":[{"id":14121,"href":"https:\/\/haberbesiktas.tr\/index.php?rest_route=\/wp\/v2\/posts\/14119\/revisions\/14121"}],"wp:featuredmedia":[{"embeddable":true,"href":"https:\/\/haberbesiktas.tr\/index.php?rest_route=\/wp\/v2\/media\/14120"}],"wp:attachment":[{"href":"https:\/\/haberbesiktas.tr\/index.php?rest_route=%2Fwp%2Fv2%2Fmedia&parent=14119"}],"wp:term":[{"taxonomy":"category","embeddable":true,"href":"https:\/\/haberbesiktas.tr\/index.php?rest_route=%2Fwp%2Fv2%2Fcategories&post=14119"},{"taxonomy":"post_tag","embeddable":true,"href":"https:\/\/haberbesiktas.tr\/index.php?rest_route=%2Fwp%2Fv2%2Ftags&post=14119"}],"curies":[{"name":"wp","href":"https:\/\/api.w.org\/{rel}","templated":true}]}}