{"id":14122,"date":"2025-03-04T19:24:06","date_gmt":"2025-03-04T19:24:06","guid":{"rendered":"https:\/\/haberbesiktas.tr\/?p=14122"},"modified":"2025-03-04T19:24:06","modified_gmt":"2025-03-04T19:24:06","slug":"allan-saint-maximinden-fenerbahce-taraftarina-mesaj","status":"publish","type":"post","link":"https:\/\/haberbesiktas.tr\/?p=14122","title":{"rendered":"Allan Saint Maximin&#8217;den Fenerbah\u00e7e taraftar\u0131na mesaj!"},"content":{"rendered":"<div>\n<p>Fenerbah\u00e7e&#8217;den k\u0131sa m\u00fcddet evvel ayr\u0131lan Frans\u0131z futbolcu Allan Saint-Maximin, toplumsal medya hesab\u0131 \u00fczerinden sar\u0131-lacivertli taraftarlara y\u00f6nelik bir payla\u015f\u0131m yapt\u0131.<\/p>\n<p> 27 ya\u015f\u0131ndaki y\u0131ld\u0131z payla\u015f\u0131m\u0131nda &#8220;\u00c7ok te\u015fekk\u00fcr ederim. T\u00fcm iletilerinizi okudum, yaln\u0131zca te\u015fekk\u00fcr ederim \u00e7ocuklar. Dayana\u011f\u0131n\u0131z\u0131 asla unutmayaca\u011f\u0131m. O y\u00fczden bir \u015feyi bilin, bunlar yaln\u0131zca lafta de\u011fil! Ben de sizi seviyorum.&#8221; dedi.<\/p>\n<p> <strong>&#8220;ASLA NANK\u00d6R OLMAYACA\u011eIM&#8221;<\/strong><\/p>\n<p> &#8220;Son vakitlerde her \u015feyin kolay oldu\u011funu s\u00f6ylemek palavra olur. Anlamad\u0131\u011f\u0131m pek \u00e7ok \u015fey var, bilhassa de birtak\u0131m \u015feylerin ele al\u0131n\u0131\u015f formu, s\u00f6ylenenler, babam\u0131n hastal\u0131\u011f\u0131 ve \u00f6b\u00fcr \u015feyler&#8230; Yak\u0131nda her \u015feyi size anlataca\u011f\u0131m &#8220;Bir palavra d\u00fcnyan\u0131n yar\u0131s\u0131n\u0131 dola\u015f\u0131rken, ger\u00e7ek hala ayakkab\u0131lar\u0131n\u0131 giyiyor olabilir.&#8221; Saha d\u0131\u015f\u0131nda ne olursa olsun sizin i\u00e7in sonuna kadar sava\u015faca\u011f\u0131m. Asla o nank\u00f6r insanlardan biri olmayaca\u011f\u0131m. Beni kendinizden biri olarak g\u00f6rd\u00fc\u011f\u00fcn\u00fcz i\u00e7in te\u015fekk\u00fcr ederim.&#8221;<\/p>\n<\/div>\n","protected":false},"excerpt":{"rendered":"<p>Ge\u00e7ti\u011fimiz g\u00fcnlerde Fenerbah\u00e7e&#8217;den k\u0131sa m\u00fcddet evvel ayr\u0131lan Allan Saint Maximin, toplumsal medya hesab\u0131ndan sar\u0131 lacivertliler i\u00e7in bir payla\u015f\u0131m yapt\u0131.<\/p>\n","protected":false},"author":1,"featured_media":14123,"comment_status":"open","ping_status":"open","sticky":false,"template":"","format":"standard","meta":{"footnotes":""},"categories":[25],"tags":[],"class_list":["post-14122","post","type-post","status-publish","format-standard","has-post-thumbnail","hentry","category-futbol"],"_links":{"self":[{"href":"https:\/\/haberbesiktas.tr\/index.php?rest_route=\/wp\/v2\/posts\/14122","targetHints":{"allow":["GET"]}}],"collection":[{"href":"https:\/\/haberbesiktas.tr\/index.php?rest_route=\/wp\/v2\/posts"}],"about":[{"href":"https:\/\/haberbesiktas.tr\/index.php?rest_route=\/wp\/v2\/types\/post"}],"author":[{"embeddable":true,"href":"https:\/\/haberbesiktas.tr\/index.php?rest_route=\/wp\/v2\/users\/1"}],"replies":[{"embeddable":true,"href":"https:\/\/haberbesiktas.tr\/index.php?rest_route=%2Fwp%2Fv2%2Fcomments&post=14122"}],"version-history":[{"count":1,"href":"https:\/\/haberbesiktas.tr\/index.php?rest_route=\/wp\/v2\/posts\/14122\/revisions"}],"predecessor-version":[{"id":14124,"href":"https:\/\/haberbesiktas.tr\/index.php?rest_route=\/wp\/v2\/posts\/14122\/revisions\/14124"}],"wp:featuredmedia":[{"embeddable":true,"href":"https:\/\/haberbesiktas.tr\/index.php?rest_route=\/wp\/v2\/media\/14123"}],"wp:attachment":[{"href":"https:\/\/haberbesiktas.tr\/index.php?rest_route=%2Fwp%2Fv2%2Fmedia&parent=14122"}],"wp:term":[{"taxonomy":"category","embeddable":true,"href":"https:\/\/haberbesiktas.tr\/index.php?rest_route=%2Fwp%2Fv2%2Fcategories&post=14122"},{"taxonomy":"post_tag","embeddable":true,"href":"https:\/\/haberbesiktas.tr\/index.php?rest_route=%2Fwp%2Fv2%2Ftags&post=14122"}],"curies":[{"name":"wp","href":"https:\/\/api.w.org\/{rel}","templated":true}]}}