{"id":14222,"date":"2025-03-05T02:00:06","date_gmt":"2025-03-05T02:00:06","guid":{"rendered":"https:\/\/haberbesiktas.tr\/?p=14222"},"modified":"2025-03-05T02:00:06","modified_gmt":"2025-03-05T02:00:06","slug":"kadir-saglama-gaziantepte-tepki-lokantaya-giremedi","status":"publish","type":"post","link":"https:\/\/haberbesiktas.tr\/?p=14222","title":{"rendered":"Kadir Sa\u011flam&#8217;a Gaziantep&#8217;te tepki! Lokantaya giremedi&#8230;"},"content":{"rendered":"<div>Trendyol 22. haftas\u0131nda Gaziantep FK ile Galatasaray&#8217;\u0131n kar\u015f\u0131 kar\u015f\u0131ya geldi\u011fi ma\u00e7\u0131 y\u00f6neten hakem Kadir Sa\u011flam d\u00fcn verdi\u011fi ve vermedi\u011fi kararlarla ma\u00e7\u0131n tart\u0131\u015f\u0131lan isimlerinden birisi oldu.<\/p>\n<p> Galatasaray&#8217;\u0131n 1-0&#8217;l\u0131k \u00fcst\u00fcnl\u00fc\u011f\u00fc ile tamamlanan ma\u00e7ta kararlar\u0131 ile tart\u0131\u015fma yaratan Kadir Sa\u011flam&#8217;a Gaziantep FK&#8217;n\u0131n da yans\u0131s\u0131 ve \u00f6fkesi vard\u0131.<\/p>\n<p> <span><strong>BEYRAN YEMEK \u0130\u00c7\u0130N G\u0130TT\u0130LER<\/strong><\/span><\/p>\n<p> Gaziantep Do\u011fu\u015f&#8217;ta yer alan habere nazaran; ma\u00e7\u0131n bitiminde Gaziantep FK taraftar\u0131ndan b\u00fcy\u00fck reaksiyon alan Kadir Sa\u011flam stattan ayr\u0131ld\u0131ktan sonra Beyran yemek i\u00e7in Emek Mahallesi&#8217;nde \u00fcnl\u00fc bir lokantaya gitti.<\/p>\n<p> Grubuyla birlikte restoran\u0131n \u00f6n\u00fcne gelen Kadir Sa\u011flam, kendisini tan\u0131yan vatanda\u015flar\u0131n yans\u0131s\u0131n\u0131 \u00e7ekti. Birtak\u0131m bireylerin <strong>&#8220;Gaziantep&#8217;i do\u011frad\u0131n; bir de utanmadan buraya beyran yemeye mi geldin!&#8221;<\/strong> dedikleri sav edildi.<\/p>\n<p> <strong>Bunu \u00fczerine Kadir Sa\u011flam ve ba\u015fka hakemler ald\u0131klar\u0131 reaksiyon kar\u015f\u0131s\u0131nda beyran yiyemeden lokantadan ayr\u0131lmak zorunda kald\u0131.<\/strong><\/p>\n<\/div>\n","protected":false},"excerpt":{"rendered":"<p>Gaziantep FK -Galatasaray \u00e7abas\u0131n\u0131 y\u00f6neten hakem Kadir Sa\u011flam ma\u00e7\u0131n akabinde &#8216;Beyran&#8217; yemek i\u00e7in gitti\u011fi restoranda reaksiyon ile kar\u015f\u0131la\u015ft\u0131.<\/p>\n","protected":false},"author":1,"featured_media":14223,"comment_status":"open","ping_status":"open","sticky":false,"template":"","format":"standard","meta":{"footnotes":""},"categories":[25],"tags":[357,1549],"class_list":["post-14222","post","type-post","status-publish","format-standard","has-post-thumbnail","hentry","category-futbol","tag-gaziantep","tag-kadir-saglam"],"_links":{"self":[{"href":"https:\/\/haberbesiktas.tr\/index.php?rest_route=\/wp\/v2\/posts\/14222","targetHints":{"allow":["GET"]}}],"collection":[{"href":"https:\/\/haberbesiktas.tr\/index.php?rest_route=\/wp\/v2\/posts"}],"about":[{"href":"https:\/\/haberbesiktas.tr\/index.php?rest_route=\/wp\/v2\/types\/post"}],"author":[{"embeddable":true,"href":"https:\/\/haberbesiktas.tr\/index.php?rest_route=\/wp\/v2\/users\/1"}],"replies":[{"embeddable":true,"href":"https:\/\/haberbesiktas.tr\/index.php?rest_route=%2Fwp%2Fv2%2Fcomments&post=14222"}],"version-history":[{"count":1,"href":"https:\/\/haberbesiktas.tr\/index.php?rest_route=\/wp\/v2\/posts\/14222\/revisions"}],"predecessor-version":[{"id":14224,"href":"https:\/\/haberbesiktas.tr\/index.php?rest_route=\/wp\/v2\/posts\/14222\/revisions\/14224"}],"wp:featuredmedia":[{"embeddable":true,"href":"https:\/\/haberbesiktas.tr\/index.php?rest_route=\/wp\/v2\/media\/14223"}],"wp:attachment":[{"href":"https:\/\/haberbesiktas.tr\/index.php?rest_route=%2Fwp%2Fv2%2Fmedia&parent=14222"}],"wp:term":[{"taxonomy":"category","embeddable":true,"href":"https:\/\/haberbesiktas.tr\/index.php?rest_route=%2Fwp%2Fv2%2Fcategories&post=14222"},{"taxonomy":"post_tag","embeddable":true,"href":"https:\/\/haberbesiktas.tr\/index.php?rest_route=%2Fwp%2Fv2%2Ftags&post=14222"}],"curies":[{"name":"wp","href":"https:\/\/api.w.org\/{rel}","templated":true}]}}